{"id":11359,"date":"2024-07-17T10:11:33","date_gmt":"2024-07-17T08:11:33","guid":{"rendered":"https:\/\/www.esat.es\/?p=11359"},"modified":"2024-07-18T08:19:47","modified_gmt":"2024-07-18T06:19:47","slug":"esat-y-neural-firman-un-acuerdo-de-colaboracion-para-desarrollar-las-competencias-emocionales-y-la-salud-mental-entre-sus-estudiantes","status":"publish","type":"post","link":"https:\/\/www.esat.es\/en\/esat-y-neural-firman-un-acuerdo-de-colaboracion-para-desarrollar-las-competencias-emocionales-y-la-salud-mental-entre-sus-estudiantes\/","title":{"rendered":"ESAT y Neural firman un acuerdo de colaboraci\u00f3n para desarrollar y mejorar las competencias\u00a0emocionales"},"content":{"rendered":"<p>ESAT, la escuela de Desarrollo de Videojuegos m\u00e1s reconocida de Espa\u00f1a, ha firmado un acuerdo de colaboraci\u00f3n con <strong>Grupo Neural<\/strong>, para que todos sus alumnos puedan <strong>prevenir y desarrollar sus competencias emocionales y su salud mental<\/strong> a trav\u00e9s de sus marcas Calmamente y Help therapies.<\/p>\n<p>En Help therapies trabajan la salud mental desde una perspectiva previa a la patolog\u00eda, impulsando la prevenci\u00f3n como punto clave para mejorar el bienestar vital de las personas. Es la ayuda psicol\u00f3gica eficaz para problemas cotidianos que tenemos y no sabemos gestionar.<\/p>\n<p>Son terapias online que funcionan para problemas concretos; la ansiedad y autoestima en la adolescencia, el duelo de un ser querido; orientaci\u00f3n profesional, o c\u00f3mo hacerlo bien en pareja, entre otras. En 8 semanas y con una metodolog\u00eda que lleva a la acci\u00f3n, la persona recibe las herramientas necesarias para manejar con \u00e9xito esa situaci\u00f3n vital.<\/p>\n<p>En Calmamente, donde cuentan con la experiencia y el conocimiento necesario para ayudar a las personas a resolver sus desaf\u00edos psicol\u00f3gicos de manera efectiva, trabajan para hacer f\u00e1cil la psicolog\u00eda. Actualmente cuentan con 4 centros f\u00edsicos en la Comunidad Valenciana.<\/p>\n<p>El acuerdo de colaboraci\u00f3n entre ambas entidades comprende reuniones peri\u00f3dicas de trabajo para coordinar la orientaci\u00f3n terap\u00e9utica al alumnado y familias y un punto de informaci\u00f3n de <strong>help therapies<\/strong>, donde poder conocer todas las terapias que tienen a su disposici\u00f3n, c\u00f3mo funcionan y las condiciones econ\u00f3micas ventajosas que tienen por pertenecer al alumnado de ESAT.<\/p>\n","protected":false},"excerpt":{"rendered":"<p>ESAT, la escuela de Desarrollo de Videojuegos m\u00e1s reconocida de Espa\u00f1a, ha firmado un acuerdo de colaboraci\u00f3n con Grupo Neural, para que todos sus alumnos puedan prevenir y desarrollar sus competencias emocionales y su salud mental a trav\u00e9s de sus marcas Calmamente y Help therapies. En Help therapies trabajan la salud mental desde una perspectiva previa a la patolog\u00eda, impulsando &hellip; <\/p>\n","protected":false},"author":6,"featured_media":11360,"comment_status":"closed","ping_status":"closed","sticky":false,"template":"","format":"standard","meta":{"footnotes":""},"categories":[1,1051,748],"tags":[787,1142,1146,1145,1141,519,1144,1140,1147,1143,527],"class_list":["post-11359","post","type-post","status-publish","format-standard","has-post-thumbnail","hentry","category-actualidad","category-destacar-en-home","category-noticias","tag-alumnos","tag-atencion","tag-bienestar","tag-calmamente","tag-emociones","tag-esat","tag-help-therapies","tag-neural","tag-orientacion","tag-salud-mental","tag-videojuegos"],"yoast_head":"<!-- This site is optimized with the Yoast SEO plugin v27.3 - https:\/\/yoast.com\/product\/yoast-seo-wordpress\/ -->\n<title>ESAT y Neural firman un acuerdo de colaboraci\u00f3n para desarrollar y mejorar las competencias\u00a0emocionales - ESAT Valencia - Escuela Superior de Arte y Tecnolog\u00eda<\/title>\n<meta name=\"description\" content=\"ESAT y Neural llegan a un acuerdo para ayudar a los alumnos a continuar desarrollando competencias emocionales y su salud mental.\" \/>\n<meta name=\"robots\" content=\"index, follow, max-snippet:-1, max-image-preview:large, max-video-preview:-1\" \/>\n<link rel=\"canonical\" href=\"https:\/\/www.esat.es\/esat-y-neural-firman-un-acuerdo-de-colaboracion-para-desarrollar-las-competencias-emocionales-y-la-salud-mental-entre-sus-estudiantes\/\" \/>\n<meta property=\"og:locale\" content=\"en_US\" \/>\n<meta property=\"og:type\" content=\"article\" \/>\n<meta property=\"og:title\" content=\"ESAT y Neural firman un acuerdo de colaboraci\u00f3n para desarrollar y mejorar las competencias\u00a0emocionales - ESAT Valencia - Escuela Superior de Arte y Tecnolog\u00eda\" \/>\n<meta property=\"og:description\" content=\"ESAT y Neural llegan a un acuerdo para ayudar a los alumnos a continuar desarrollando competencias emocionales y su salud mental.\" \/>\n<meta property=\"og:url\" content=\"https:\/\/www.esat.es\/esat-y-neural-firman-un-acuerdo-de-colaboracion-para-desarrollar-las-competencias-emocionales-y-la-salud-mental-entre-sus-estudiantes\/\" \/>\n<meta property=\"og:site_name\" content=\"ESAT Valencia\" \/>\n<meta property=\"article:publisher\" content=\"https:\/\/www.facebook.com\/esat.es\" \/>\n<meta property=\"article:published_time\" content=\"2024-07-17T08:11:33+00:00\" \/>\n<meta property=\"article:modified_time\" content=\"2024-07-18T06:19:47+00:00\" \/>\n<meta property=\"og:image\" content=\"https:\/\/www.esat.es\/wp-content\/uploads\/2024\/07\/neural.jpg\" \/>\n\t<meta property=\"og:image:width\" content=\"1200\" \/>\n\t<meta property=\"og:image:height\" content=\"978\" \/>\n\t<meta property=\"og:image:type\" content=\"image\/jpeg\" \/>\n<meta name=\"author\" content=\"Alejandro Casasus\" \/>\n<meta name=\"twitter:card\" content=\"summary_large_image\" \/>\n<meta name=\"twitter:creator\" content=\"@ESAT_Valencia\" \/>\n<meta name=\"twitter:site\" content=\"@ESAT_Valencia\" \/>\n<meta name=\"twitter:label1\" content=\"Written by\" \/>\n\t<meta name=\"twitter:data1\" content=\"Alejandro Casasus\" \/>\n\t<meta name=\"twitter:label2\" content=\"Est. reading time\" \/>\n\t<meta name=\"twitter:data2\" content=\"2 minutes\" \/>\n<script type=\"application\/ld+json\" class=\"yoast-schema-graph\">{\"@context\":\"https:\\\/\\\/schema.org\",\"@graph\":[{\"@type\":\"Article\",\"@id\":\"https:\\\/\\\/www.esat.es\\\/esat-y-neural-firman-un-acuerdo-de-colaboracion-para-desarrollar-las-competencias-emocionales-y-la-salud-mental-entre-sus-estudiantes\\\/#article\",\"isPartOf\":{\"@id\":\"https:\\\/\\\/www.esat.es\\\/esat-y-neural-firman-un-acuerdo-de-colaboracion-para-desarrollar-las-competencias-emocionales-y-la-salud-mental-entre-sus-estudiantes\\\/\"},\"author\":{\"name\":\"Alejandro Casasus\",\"@id\":\"https:\\\/\\\/www.esat.es\\\/#\\\/schema\\\/person\\\/0e787b0e5de3fa3c9dd655d9f88bf33c\"},\"headline\":\"ESAT y Neural firman un acuerdo de colaboraci\u00f3n para desarrollar y mejorar las competencias\u00a0emocionales\",\"datePublished\":\"2024-07-17T08:11:33+00:00\",\"dateModified\":\"2024-07-18T06:19:47+00:00\",\"mainEntityOfPage\":{\"@id\":\"https:\\\/\\\/www.esat.es\\\/esat-y-neural-firman-un-acuerdo-de-colaboracion-para-desarrollar-las-competencias-emocionales-y-la-salud-mental-entre-sus-estudiantes\\\/\"},\"wordCount\":277,\"publisher\":{\"@id\":\"https:\\\/\\\/www.esat.es\\\/#organization\"},\"image\":{\"@id\":\"https:\\\/\\\/www.esat.es\\\/esat-y-neural-firman-un-acuerdo-de-colaboracion-para-desarrollar-las-competencias-emocionales-y-la-salud-mental-entre-sus-estudiantes\\\/#primaryimage\"},\"thumbnailUrl\":\"https:\\\/\\\/www.esat.es\\\/wp-content\\\/uploads\\\/2024\\\/07\\\/neural.jpg\",\"keywords\":[\"Alumnos\",\"atenci\u00f3n\",\"bienestar\",\"Calmamente\",\"emociones\",\"ESAT\",\"Help Therapies\",\"Neural\",\"orientaci\u00f3n\",\"salud mental\",\"Videojuegos\"],\"articleSection\":[\"Actualidad\",\"Destacar en Home\",\"Noticias\"],\"inLanguage\":\"en-US\"},{\"@type\":\"WebPage\",\"@id\":\"https:\\\/\\\/www.esat.es\\\/esat-y-neural-firman-un-acuerdo-de-colaboracion-para-desarrollar-las-competencias-emocionales-y-la-salud-mental-entre-sus-estudiantes\\\/\",\"url\":\"https:\\\/\\\/www.esat.es\\\/esat-y-neural-firman-un-acuerdo-de-colaboracion-para-desarrollar-las-competencias-emocionales-y-la-salud-mental-entre-sus-estudiantes\\\/\",\"name\":\"ESAT y Neural firman un acuerdo de colaboraci\u00f3n para desarrollar y mejorar las competencias\u00a0emocionales - ESAT Valencia - Escuela Superior de Arte y Tecnolog\u00eda\",\"isPartOf\":{\"@id\":\"https:\\\/\\\/www.esat.es\\\/#website\"},\"primaryImageOfPage\":{\"@id\":\"https:\\\/\\\/www.esat.es\\\/esat-y-neural-firman-un-acuerdo-de-colaboracion-para-desarrollar-las-competencias-emocionales-y-la-salud-mental-entre-sus-estudiantes\\\/#primaryimage\"},\"image\":{\"@id\":\"https:\\\/\\\/www.esat.es\\\/esat-y-neural-firman-un-acuerdo-de-colaboracion-para-desarrollar-las-competencias-emocionales-y-la-salud-mental-entre-sus-estudiantes\\\/#primaryimage\"},\"thumbnailUrl\":\"https:\\\/\\\/www.esat.es\\\/wp-content\\\/uploads\\\/2024\\\/07\\\/neural.jpg\",\"datePublished\":\"2024-07-17T08:11:33+00:00\",\"dateModified\":\"2024-07-18T06:19:47+00:00\",\"description\":\"ESAT y Neural llegan a un acuerdo para ayudar a los alumnos a continuar desarrollando competencias emocionales y su salud mental.\",\"breadcrumb\":{\"@id\":\"https:\\\/\\\/www.esat.es\\\/esat-y-neural-firman-un-acuerdo-de-colaboracion-para-desarrollar-las-competencias-emocionales-y-la-salud-mental-entre-sus-estudiantes\\\/#breadcrumb\"},\"inLanguage\":\"en-US\",\"potentialAction\":[{\"@type\":\"ReadAction\",\"target\":[\"https:\\\/\\\/www.esat.es\\\/esat-y-neural-firman-un-acuerdo-de-colaboracion-para-desarrollar-las-competencias-emocionales-y-la-salud-mental-entre-sus-estudiantes\\\/\"]}]},{\"@type\":\"ImageObject\",\"inLanguage\":\"en-US\",\"@id\":\"https:\\\/\\\/www.esat.es\\\/esat-y-neural-firman-un-acuerdo-de-colaboracion-para-desarrollar-las-competencias-emocionales-y-la-salud-mental-entre-sus-estudiantes\\\/#primaryimage\",\"url\":\"https:\\\/\\\/www.esat.es\\\/wp-content\\\/uploads\\\/2024\\\/07\\\/neural.jpg\",\"contentUrl\":\"https:\\\/\\\/www.esat.es\\\/wp-content\\\/uploads\\\/2024\\\/07\\\/neural.jpg\",\"width\":1200,\"height\":978},{\"@type\":\"BreadcrumbList\",\"@id\":\"https:\\\/\\\/www.esat.es\\\/esat-y-neural-firman-un-acuerdo-de-colaboracion-para-desarrollar-las-competencias-emocionales-y-la-salud-mental-entre-sus-estudiantes\\\/#breadcrumb\",\"itemListElement\":[{\"@type\":\"ListItem\",\"position\":1,\"name\":\"Portada\",\"item\":\"https:\\\/\\\/www.esat.es\\\/en\\\/home\\\/\"},{\"@type\":\"ListItem\",\"position\":2,\"name\":\"ESAT y Neural firman un acuerdo de colaboraci\u00f3n para desarrollar y mejorar las competencias\u00a0emocionales\"}]},{\"@type\":\"WebSite\",\"@id\":\"https:\\\/\\\/www.esat.es\\\/#website\",\"url\":\"https:\\\/\\\/www.esat.es\\\/\",\"name\":\"ESAT Valencia\",\"description\":\"Escuela Superior de Arte y Tecnolog\u00eda\",\"publisher\":{\"@id\":\"https:\\\/\\\/www.esat.es\\\/#organization\"},\"potentialAction\":[{\"@type\":\"SearchAction\",\"target\":{\"@type\":\"EntryPoint\",\"urlTemplate\":\"https:\\\/\\\/www.esat.es\\\/?s={search_term_string}\"},\"query-input\":{\"@type\":\"PropertyValueSpecification\",\"valueRequired\":true,\"valueName\":\"search_term_string\"}}],\"inLanguage\":\"en-US\"},{\"@type\":\"Organization\",\"@id\":\"https:\\\/\\\/www.esat.es\\\/#organization\",\"name\":\"ESAT - Escuela Superior de Arte y Tecnolog\u00eda\",\"url\":\"https:\\\/\\\/www.esat.es\\\/\",\"logo\":{\"@type\":\"ImageObject\",\"inLanguage\":\"en-US\",\"@id\":\"https:\\\/\\\/www.esat.es\\\/#\\\/schema\\\/logo\\\/image\\\/\",\"url\":\"https:\\\/\\\/www.esat.es\\\/wp-content\\\/uploads\\\/screenshot-esat-escuela-superior-arte-tecnologia-valencia.png\",\"contentUrl\":\"https:\\\/\\\/www.esat.es\\\/wp-content\\\/uploads\\\/screenshot-esat-escuela-superior-arte-tecnologia-valencia.png\",\"width\":880,\"height\":660,\"caption\":\"ESAT - Escuela Superior de Arte y Tecnolog\u00eda\"},\"image\":{\"@id\":\"https:\\\/\\\/www.esat.es\\\/#\\\/schema\\\/logo\\\/image\\\/\"},\"sameAs\":[\"https:\\\/\\\/www.facebook.com\\\/esat.es\",\"https:\\\/\\\/x.com\\\/ESAT_Valencia\",\"https:\\\/\\\/instagram.com\\\/ESAT_Valencia\",\"http:\\\/\\\/www.linkedin.com\\\/company\\\/esat\",\"https:\\\/\\\/www.youtube.com\\\/user\\\/EsatValencia\"]},{\"@type\":\"Person\",\"@id\":\"https:\\\/\\\/www.esat.es\\\/#\\\/schema\\\/person\\\/0e787b0e5de3fa3c9dd655d9f88bf33c\",\"name\":\"Alejandro Casasus\",\"image\":{\"@type\":\"ImageObject\",\"inLanguage\":\"en-US\",\"@id\":\"https:\\\/\\\/secure.gravatar.com\\\/avatar\\\/665c56d3b129620c3f87613f8954cb5d81e14a75ca1bda866f0490b910a7f13a?s=96&d=mm&r=g\",\"url\":\"https:\\\/\\\/secure.gravatar.com\\\/avatar\\\/665c56d3b129620c3f87613f8954cb5d81e14a75ca1bda866f0490b910a7f13a?s=96&d=mm&r=g\",\"contentUrl\":\"https:\\\/\\\/secure.gravatar.com\\\/avatar\\\/665c56d3b129620c3f87613f8954cb5d81e14a75ca1bda866f0490b910a7f13a?s=96&d=mm&r=g\",\"caption\":\"Alejandro Casasus\"}}]}<\/script>\n<!-- \/ Yoast SEO plugin. -->","yoast_head_json":{"title":"ESAT y Neural firman un acuerdo de colaboraci\u00f3n para desarrollar y mejorar las competencias\u00a0emocionales - ESAT Valencia - Escuela Superior de Arte y Tecnolog\u00eda","description":"ESAT y Neural llegan a un acuerdo para ayudar a los alumnos a continuar desarrollando competencias emocionales y su salud mental.","robots":{"index":"index","follow":"follow","max-snippet":"max-snippet:-1","max-image-preview":"max-image-preview:large","max-video-preview":"max-video-preview:-1"},"canonical":"https:\/\/www.esat.es\/esat-y-neural-firman-un-acuerdo-de-colaboracion-para-desarrollar-las-competencias-emocionales-y-la-salud-mental-entre-sus-estudiantes\/","og_locale":"en_US","og_type":"article","og_title":"ESAT y Neural firman un acuerdo de colaboraci\u00f3n para desarrollar y mejorar las competencias\u00a0emocionales - ESAT Valencia - Escuela Superior de Arte y Tecnolog\u00eda","og_description":"ESAT y Neural llegan a un acuerdo para ayudar a los alumnos a continuar desarrollando competencias emocionales y su salud mental.","og_url":"https:\/\/www.esat.es\/esat-y-neural-firman-un-acuerdo-de-colaboracion-para-desarrollar-las-competencias-emocionales-y-la-salud-mental-entre-sus-estudiantes\/","og_site_name":"ESAT Valencia","article_publisher":"https:\/\/www.facebook.com\/esat.es","article_published_time":"2024-07-17T08:11:33+00:00","article_modified_time":"2024-07-18T06:19:47+00:00","og_image":[{"width":1200,"height":978,"url":"https:\/\/www.esat.es\/wp-content\/uploads\/2024\/07\/neural.jpg","type":"image\/jpeg"}],"author":"Alejandro Casasus","twitter_card":"summary_large_image","twitter_creator":"@ESAT_Valencia","twitter_site":"@ESAT_Valencia","twitter_misc":{"Written by":"Alejandro Casasus","Est. reading time":"2 minutes"},"schema":{"@context":"https:\/\/schema.org","@graph":[{"@type":"Article","@id":"https:\/\/www.esat.es\/esat-y-neural-firman-un-acuerdo-de-colaboracion-para-desarrollar-las-competencias-emocionales-y-la-salud-mental-entre-sus-estudiantes\/#article","isPartOf":{"@id":"https:\/\/www.esat.es\/esat-y-neural-firman-un-acuerdo-de-colaboracion-para-desarrollar-las-competencias-emocionales-y-la-salud-mental-entre-sus-estudiantes\/"},"author":{"name":"Alejandro Casasus","@id":"https:\/\/www.esat.es\/#\/schema\/person\/0e787b0e5de3fa3c9dd655d9f88bf33c"},"headline":"ESAT y Neural firman un acuerdo de colaboraci\u00f3n para desarrollar y mejorar las competencias\u00a0emocionales","datePublished":"2024-07-17T08:11:33+00:00","dateModified":"2024-07-18T06:19:47+00:00","mainEntityOfPage":{"@id":"https:\/\/www.esat.es\/esat-y-neural-firman-un-acuerdo-de-colaboracion-para-desarrollar-las-competencias-emocionales-y-la-salud-mental-entre-sus-estudiantes\/"},"wordCount":277,"publisher":{"@id":"https:\/\/www.esat.es\/#organization"},"image":{"@id":"https:\/\/www.esat.es\/esat-y-neural-firman-un-acuerdo-de-colaboracion-para-desarrollar-las-competencias-emocionales-y-la-salud-mental-entre-sus-estudiantes\/#primaryimage"},"thumbnailUrl":"https:\/\/www.esat.es\/wp-content\/uploads\/2024\/07\/neural.jpg","keywords":["Alumnos","atenci\u00f3n","bienestar","Calmamente","emociones","ESAT","Help Therapies","Neural","orientaci\u00f3n","salud mental","Videojuegos"],"articleSection":["Actualidad","Destacar en Home","Noticias"],"inLanguage":"en-US"},{"@type":"WebPage","@id":"https:\/\/www.esat.es\/esat-y-neural-firman-un-acuerdo-de-colaboracion-para-desarrollar-las-competencias-emocionales-y-la-salud-mental-entre-sus-estudiantes\/","url":"https:\/\/www.esat.es\/esat-y-neural-firman-un-acuerdo-de-colaboracion-para-desarrollar-las-competencias-emocionales-y-la-salud-mental-entre-sus-estudiantes\/","name":"ESAT y Neural firman un acuerdo de colaboraci\u00f3n para desarrollar y mejorar las competencias\u00a0emocionales - ESAT Valencia - Escuela Superior de Arte y Tecnolog\u00eda","isPartOf":{"@id":"https:\/\/www.esat.es\/#website"},"primaryImageOfPage":{"@id":"https:\/\/www.esat.es\/esat-y-neural-firman-un-acuerdo-de-colaboracion-para-desarrollar-las-competencias-emocionales-y-la-salud-mental-entre-sus-estudiantes\/#primaryimage"},"image":{"@id":"https:\/\/www.esat.es\/esat-y-neural-firman-un-acuerdo-de-colaboracion-para-desarrollar-las-competencias-emocionales-y-la-salud-mental-entre-sus-estudiantes\/#primaryimage"},"thumbnailUrl":"https:\/\/www.esat.es\/wp-content\/uploads\/2024\/07\/neural.jpg","datePublished":"2024-07-17T08:11:33+00:00","dateModified":"2024-07-18T06:19:47+00:00","description":"ESAT y Neural llegan a un acuerdo para ayudar a los alumnos a continuar desarrollando competencias emocionales y su salud mental.","breadcrumb":{"@id":"https:\/\/www.esat.es\/esat-y-neural-firman-un-acuerdo-de-colaboracion-para-desarrollar-las-competencias-emocionales-y-la-salud-mental-entre-sus-estudiantes\/#breadcrumb"},"inLanguage":"en-US","potentialAction":[{"@type":"ReadAction","target":["https:\/\/www.esat.es\/esat-y-neural-firman-un-acuerdo-de-colaboracion-para-desarrollar-las-competencias-emocionales-y-la-salud-mental-entre-sus-estudiantes\/"]}]},{"@type":"ImageObject","inLanguage":"en-US","@id":"https:\/\/www.esat.es\/esat-y-neural-firman-un-acuerdo-de-colaboracion-para-desarrollar-las-competencias-emocionales-y-la-salud-mental-entre-sus-estudiantes\/#primaryimage","url":"https:\/\/www.esat.es\/wp-content\/uploads\/2024\/07\/neural.jpg","contentUrl":"https:\/\/www.esat.es\/wp-content\/uploads\/2024\/07\/neural.jpg","width":1200,"height":978},{"@type":"BreadcrumbList","@id":"https:\/\/www.esat.es\/esat-y-neural-firman-un-acuerdo-de-colaboracion-para-desarrollar-las-competencias-emocionales-y-la-salud-mental-entre-sus-estudiantes\/#breadcrumb","itemListElement":[{"@type":"ListItem","position":1,"name":"Portada","item":"https:\/\/www.esat.es\/en\/home\/"},{"@type":"ListItem","position":2,"name":"ESAT y Neural firman un acuerdo de colaboraci\u00f3n para desarrollar y mejorar las competencias\u00a0emocionales"}]},{"@type":"WebSite","@id":"https:\/\/www.esat.es\/#website","url":"https:\/\/www.esat.es\/","name":"ESAT Valencia","description":"Escuela Superior de Arte y Tecnolog\u00eda","publisher":{"@id":"https:\/\/www.esat.es\/#organization"},"potentialAction":[{"@type":"SearchAction","target":{"@type":"EntryPoint","urlTemplate":"https:\/\/www.esat.es\/?s={search_term_string}"},"query-input":{"@type":"PropertyValueSpecification","valueRequired":true,"valueName":"search_term_string"}}],"inLanguage":"en-US"},{"@type":"Organization","@id":"https:\/\/www.esat.es\/#organization","name":"ESAT - Escuela Superior de Arte y Tecnolog\u00eda","url":"https:\/\/www.esat.es\/","logo":{"@type":"ImageObject","inLanguage":"en-US","@id":"https:\/\/www.esat.es\/#\/schema\/logo\/image\/","url":"https:\/\/www.esat.es\/wp-content\/uploads\/screenshot-esat-escuela-superior-arte-tecnologia-valencia.png","contentUrl":"https:\/\/www.esat.es\/wp-content\/uploads\/screenshot-esat-escuela-superior-arte-tecnologia-valencia.png","width":880,"height":660,"caption":"ESAT - Escuela Superior de Arte y Tecnolog\u00eda"},"image":{"@id":"https:\/\/www.esat.es\/#\/schema\/logo\/image\/"},"sameAs":["https:\/\/www.facebook.com\/esat.es","https:\/\/x.com\/ESAT_Valencia","https:\/\/instagram.com\/ESAT_Valencia","http:\/\/www.linkedin.com\/company\/esat","https:\/\/www.youtube.com\/user\/EsatValencia"]},{"@type":"Person","@id":"https:\/\/www.esat.es\/#\/schema\/person\/0e787b0e5de3fa3c9dd655d9f88bf33c","name":"Alejandro Casasus","image":{"@type":"ImageObject","inLanguage":"en-US","@id":"https:\/\/secure.gravatar.com\/avatar\/665c56d3b129620c3f87613f8954cb5d81e14a75ca1bda866f0490b910a7f13a?s=96&d=mm&r=g","url":"https:\/\/secure.gravatar.com\/avatar\/665c56d3b129620c3f87613f8954cb5d81e14a75ca1bda866f0490b910a7f13a?s=96&d=mm&r=g","contentUrl":"https:\/\/secure.gravatar.com\/avatar\/665c56d3b129620c3f87613f8954cb5d81e14a75ca1bda866f0490b910a7f13a?s=96&d=mm&r=g","caption":"Alejandro Casasus"}}]}},"_links":{"self":[{"href":"https:\/\/www.esat.es\/en\/wp-json\/wp\/v2\/posts\/11359","targetHints":{"allow":["GET"]}}],"collection":[{"href":"https:\/\/www.esat.es\/en\/wp-json\/wp\/v2\/posts"}],"about":[{"href":"https:\/\/www.esat.es\/en\/wp-json\/wp\/v2\/types\/post"}],"author":[{"embeddable":true,"href":"https:\/\/www.esat.es\/en\/wp-json\/wp\/v2\/users\/6"}],"replies":[{"embeddable":true,"href":"https:\/\/www.esat.es\/en\/wp-json\/wp\/v2\/comments?post=11359"}],"version-history":[{"count":0,"href":"https:\/\/www.esat.es\/en\/wp-json\/wp\/v2\/posts\/11359\/revisions"}],"wp:featuredmedia":[{"embeddable":true,"href":"https:\/\/www.esat.es\/en\/wp-json\/wp\/v2\/media\/11360"}],"wp:attachment":[{"href":"https:\/\/www.esat.es\/en\/wp-json\/wp\/v2\/media?parent=11359"}],"wp:term":[{"taxonomy":"category","embeddable":true,"href":"https:\/\/www.esat.es\/en\/wp-json\/wp\/v2\/categories?post=11359"},{"taxonomy":"post_tag","embeddable":true,"href":"https:\/\/www.esat.es\/en\/wp-json\/wp\/v2\/tags?post=11359"}],"curies":[{"name":"wp","href":"https:\/\/api.w.org\/{rel}","templated":true}]}}