{"id":12461,"date":"2025-11-10T18:15:28","date_gmt":"2025-11-10T17:15:28","guid":{"rendered":"https:\/\/www.esat.es\/?p=12461"},"modified":"2025-11-10T18:27:03","modified_gmt":"2025-11-10T17:27:03","slug":"esat-elegida-por-la-fundacion-premios-rei-jaume-i-para-presentar-su-37a-edicion","status":"publish","type":"post","link":"https:\/\/www.esat.es\/en\/esat-elegida-por-la-fundacion-premios-rei-jaume-i-para-presentar-su-37a-edicion\/","title":{"rendered":"ESAT ELEGIDA POR LA FUNDACI\u00d3N PREMIOS REI JAUME I PARA PRESENTAR SU 37\u00aa EDICI\u00d3N"},"content":{"rendered":"<p>La Escuela Superior de Arte y Tecnolog\u00eda de Val\u00e9ncia fue el escenario elegido por la &#8220;Fundaci\u00f3n Premios Rei Jaume I&#8221; para presentar la campa\u00f1a y el programa de actos de su 37\u00aa edici\u00f3n, bajo el lema &#8220;<strong>Espa\u00f1a Insert Coin&#8221;.<\/strong><\/p>\n<p>El encuentro sirvi\u00f3 para reivindicar la necesidad de invertir en ciencia y emprendimiento, un mensaje que centr\u00f3 las palabras del presidente ejecutivo de la entidad, <strong>Javier Quesada<\/strong>.<\/p>\n<p>La campa\u00f1a apela al imaginario de los a\u00f1os ochenta mediante m\u00e1quinas recreativas que se instalar\u00e1n en campus universitarios y en la Ciutat de les Arts i les Ci\u00e8ncies.<\/p>\n<p>A trav\u00e9s de un juego inspirado en el cl\u00e1sico &#8216;Comecocos&#8217;, el p\u00fablico podr\u00e1 interactuar con personajes de los galardonados de este a\u00f1o y conocer sus trayectorias.<\/p>\n<p>La relevancia de <strong>ESAT<\/strong> desde hace d\u00e9cadas en el mundo de los videojuegos y su impacto en la empleabilidad del sector ha supuesto su elecci\u00f3n como sede de la presentaci\u00f3n.<\/p>\n<p>Quesada record\u00f3 que, aunque el porcentaje del PIB espa\u00f1ol destinado a I+D+i ha pasado del 0,5% en 1985 al 1,5% actual, a\u00fan est\u00e1 por debajo de la media europea del 2,3%. Tambi\u00e9n destac\u00f3 la mayor\u00eda femenina entre los premiados de esta edici\u00f3n, s\u00edmbolo del avance en igualdad.<\/p>\n<p>Los galardonados de 2025 son: Jos\u00e9 Luis Mascare\u00f1as Cid (Investigaci\u00f3n B\u00e1sica), N\u00faria L\u00f3pez-Bigas (Investigaci\u00f3n Biom\u00e9dica), Silvia de Sanjos\u00e9 Llongueras (Investigaci\u00f3n Cl\u00ednica y Salud P\u00fablica), Victoria Reyes-Garc\u00eda*(Protecci\u00f3n del Medio Ambiente), Mar\u00eda Jes\u00fas Vicent Doc\u00f3n (Nuevas Tecnolog\u00edas), Jan Eeckhout (Econom\u00eda) y Dami\u00e1 Tormo (Revelaci\u00f3n Empresarial).<\/p>\n<p>La ceremonia de entrega se celebrar\u00e1 el 25 de noviembre en la Lonja de Val\u00e8ncia, presidida por el Rey D. Felipe VI, con la asistencia del presidente de la Generalitat y de D. Vicente Boluda, presidente de la fundaci\u00f3n.<\/p>\n<p><strong>El lema de este a\u00f1os ser\u00e1 &#8220;Espa\u00f1a Insert Coin&#8221;<\/strong><br \/>\n<img loading=\"lazy\" decoding=\"async\" class=\"alignleft size-full wp-image-12480\" src=\"https:\/\/www.esat.es\/wp-content\/uploads\/2025\/11\/IMG_9597_esat.jpg\" alt=\"\" width=\"900\" height=\"419\" srcset=\"https:\/\/www.esat.es\/wp-content\/uploads\/2025\/11\/IMG_9597_esat.jpg 900w, https:\/\/www.esat.es\/wp-content\/uploads\/2025\/11\/IMG_9597_esat-870x405.jpg 870w, https:\/\/www.esat.es\/wp-content\/uploads\/2025\/11\/IMG_9597_esat-768x358.jpg 768w\" sizes=\"auto, (max-width: 900px) 100vw, 900px\" \/><br \/>\n<strong>D. Javier Quesada y D. Vicente Boluda, presentan la 37\u00aa edici\u00f3n de los Premios Rei Jaume I<\/strong><br \/>\n<img loading=\"lazy\" decoding=\"async\" class=\"alignleft size-full wp-image-12478\" src=\"https:\/\/www.esat.es\/wp-content\/uploads\/2025\/11\/IMG_9594_esat.jpg\" alt=\"\" width=\"900\" height=\"433\" srcset=\"https:\/\/www.esat.es\/wp-content\/uploads\/2025\/11\/IMG_9594_esat.jpg 900w, https:\/\/www.esat.es\/wp-content\/uploads\/2025\/11\/IMG_9594_esat-870x419.jpg 870w, https:\/\/www.esat.es\/wp-content\/uploads\/2025\/11\/IMG_9594_esat-768x369.jpg 768w\" sizes=\"auto, (max-width: 900px) 100vw, 900px\" \/><br \/>\n<strong>Jaime Torres director de ESAT conversa con D. Javier Quesada y D. Vicente Boluda sobre la empleabilidad del sector de los videojuegos\u00a0<\/strong><\/p>\n<p><img loading=\"lazy\" decoding=\"async\" class=\"alignleft size-full wp-image-12474\" src=\"https:\/\/www.esat.es\/wp-content\/uploads\/2025\/11\/IMG_9610_esat.jpg\" alt=\"\" width=\"900\" height=\"506\" srcset=\"https:\/\/www.esat.es\/wp-content\/uploads\/2025\/11\/IMG_9610_esat.jpg 900w, https:\/\/www.esat.es\/wp-content\/uploads\/2025\/11\/IMG_9610_esat-870x489.jpg 870w, https:\/\/www.esat.es\/wp-content\/uploads\/2025\/11\/IMG_9610_esat-768x432.jpg 768w\" sizes=\"auto, (max-width: 900px) 100vw, 900px\" \/> <img loading=\"lazy\" decoding=\"async\" class=\"alignleft size-full wp-image-12476\" src=\"https:\/\/www.esat.es\/wp-content\/uploads\/2025\/11\/IMG_9625_esat.jpg\" alt=\"\" width=\"900\" height=\"506\" srcset=\"https:\/\/www.esat.es\/wp-content\/uploads\/2025\/11\/IMG_9625_esat.jpg 900w, https:\/\/www.esat.es\/wp-content\/uploads\/2025\/11\/IMG_9625_esat-870x489.jpg 870w, https:\/\/www.esat.es\/wp-content\/uploads\/2025\/11\/IMG_9625_esat-768x432.jpg 768w\" sizes=\"auto, (max-width: 900px) 100vw, 900px\" \/><\/p>\n","protected":false},"excerpt":{"rendered":"<p>La Escuela Superior de Arte y Tecnolog\u00eda de Val\u00e9ncia fue el escenario elegido por la &#8220;Fundaci\u00f3n Premios Rei Jaume I&#8221; para presentar la campa\u00f1a y el programa de actos de su 37\u00aa edici\u00f3n, bajo el lema &#8220;Espa\u00f1a Insert Coin&#8221;. El encuentro sirvi\u00f3 para reivindicar la necesidad de invertir en ciencia y emprendimiento, un mensaje que centr\u00f3 las palabras del presidente &hellip; <\/p>\n","protected":false},"author":5,"featured_media":12478,"comment_status":"closed","ping_status":"closed","sticky":false,"template":"","format":"standard","meta":{"footnotes":""},"categories":[1,1051,480,748],"tags":[1247],"class_list":["post-12461","post","type-post","status-publish","format-standard","has-post-thumbnail","hentry","category-actualidad","category-destacar-en-home","category-eventos","category-noticias","tag-fundacion-premios-rei-jaume-i"],"yoast_head":"<!-- This site is optimized with the Yoast SEO plugin v27.3 - https:\/\/yoast.com\/product\/yoast-seo-wordpress\/ -->\n<title>ESAT ELEGIDA POR LA FUNDACI\u00d3N PREMIOS REI JAUME I PARA PRESENTAR SU 37\u00aa EDICI\u00d3N - ESAT Valencia - Escuela Superior de Arte y Tecnolog\u00eda<\/title>\n<meta name=\"robots\" content=\"index, follow, max-snippet:-1, max-image-preview:large, max-video-preview:-1\" \/>\n<link rel=\"canonical\" href=\"https:\/\/www.esat.es\/esat-elegida-por-la-fundacion-premios-rei-jaume-i-para-presentar-su-37a-edicion\/\" \/>\n<meta property=\"og:locale\" content=\"en_US\" \/>\n<meta property=\"og:type\" content=\"article\" \/>\n<meta property=\"og:title\" content=\"ESAT ELEGIDA POR LA FUNDACI\u00d3N PREMIOS REI JAUME I PARA PRESENTAR SU 37\u00aa EDICI\u00d3N - ESAT Valencia - Escuela Superior de Arte y Tecnolog\u00eda\" \/>\n<meta property=\"og:description\" content=\"La Escuela Superior de Arte y Tecnolog\u00eda de Val\u00e9ncia fue el escenario elegido por la &#8220;Fundaci\u00f3n Premios Rei Jaume I&#8221; para presentar la campa\u00f1a y el programa de actos de su 37\u00aa edici\u00f3n, bajo el lema &#8220;Espa\u00f1a Insert Coin&#8221;. El encuentro sirvi\u00f3 para reivindicar la necesidad de invertir en ciencia y emprendimiento, un mensaje que centr\u00f3 las palabras del presidente &hellip;\" \/>\n<meta property=\"og:url\" content=\"https:\/\/www.esat.es\/esat-elegida-por-la-fundacion-premios-rei-jaume-i-para-presentar-su-37a-edicion\/\" \/>\n<meta property=\"og:site_name\" content=\"ESAT Valencia\" \/>\n<meta property=\"article:publisher\" content=\"https:\/\/www.facebook.com\/esat.es\" \/>\n<meta property=\"article:published_time\" content=\"2025-11-10T17:15:28+00:00\" \/>\n<meta property=\"article:modified_time\" content=\"2025-11-10T17:27:03+00:00\" \/>\n<meta property=\"og:image\" content=\"https:\/\/www.esat.es\/wp-content\/uploads\/2025\/11\/IMG_9594_esat.jpg\" \/>\n\t<meta property=\"og:image:width\" content=\"900\" \/>\n\t<meta property=\"og:image:height\" content=\"433\" \/>\n\t<meta property=\"og:image:type\" content=\"image\/jpeg\" \/>\n<meta name=\"author\" content=\"Alicia Ansurias Mar\u00edn\" \/>\n<meta name=\"twitter:card\" content=\"summary_large_image\" \/>\n<meta name=\"twitter:creator\" content=\"@ESAT_Valencia\" \/>\n<meta name=\"twitter:site\" content=\"@ESAT_Valencia\" \/>\n<meta name=\"twitter:label1\" content=\"Written by\" \/>\n\t<meta name=\"twitter:data1\" content=\"Alicia Ansurias Mar\u00edn\" \/>\n\t<meta name=\"twitter:label2\" content=\"Est. reading time\" \/>\n\t<meta name=\"twitter:data2\" content=\"3 minutes\" \/>\n<script type=\"application\/ld+json\" class=\"yoast-schema-graph\">{\"@context\":\"https:\\\/\\\/schema.org\",\"@graph\":[{\"@type\":\"Article\",\"@id\":\"https:\\\/\\\/www.esat.es\\\/esat-elegida-por-la-fundacion-premios-rei-jaume-i-para-presentar-su-37a-edicion\\\/#article\",\"isPartOf\":{\"@id\":\"https:\\\/\\\/www.esat.es\\\/esat-elegida-por-la-fundacion-premios-rei-jaume-i-para-presentar-su-37a-edicion\\\/\"},\"author\":{\"name\":\"Alicia Ansurias Mar\u00edn\",\"@id\":\"https:\\\/\\\/www.esat.es\\\/#\\\/schema\\\/person\\\/972395b9b6dfb1c1e9a4f7bb8f7fed38\"},\"headline\":\"ESAT ELEGIDA POR LA FUNDACI\u00d3N PREMIOS REI JAUME I PARA PRESENTAR SU 37\u00aa EDICI\u00d3N\",\"datePublished\":\"2025-11-10T17:15:28+00:00\",\"dateModified\":\"2025-11-10T17:27:03+00:00\",\"mainEntityOfPage\":{\"@id\":\"https:\\\/\\\/www.esat.es\\\/esat-elegida-por-la-fundacion-premios-rei-jaume-i-para-presentar-su-37a-edicion\\\/\"},\"wordCount\":384,\"publisher\":{\"@id\":\"https:\\\/\\\/www.esat.es\\\/#organization\"},\"image\":{\"@id\":\"https:\\\/\\\/www.esat.es\\\/esat-elegida-por-la-fundacion-premios-rei-jaume-i-para-presentar-su-37a-edicion\\\/#primaryimage\"},\"thumbnailUrl\":\"https:\\\/\\\/www.esat.es\\\/wp-content\\\/uploads\\\/2025\\\/11\\\/IMG_9594_esat.jpg\",\"keywords\":[\"FUNDACI\u00d3N PREMIOS REI JAUME I\"],\"articleSection\":[\"Actualidad\",\"Destacar en Home\",\"Eventos\",\"Noticias\"],\"inLanguage\":\"en-US\"},{\"@type\":\"WebPage\",\"@id\":\"https:\\\/\\\/www.esat.es\\\/esat-elegida-por-la-fundacion-premios-rei-jaume-i-para-presentar-su-37a-edicion\\\/\",\"url\":\"https:\\\/\\\/www.esat.es\\\/esat-elegida-por-la-fundacion-premios-rei-jaume-i-para-presentar-su-37a-edicion\\\/\",\"name\":\"ESAT ELEGIDA POR LA FUNDACI\u00d3N PREMIOS REI JAUME I PARA PRESENTAR SU 37\u00aa EDICI\u00d3N - ESAT Valencia - Escuela Superior de Arte y Tecnolog\u00eda\",\"isPartOf\":{\"@id\":\"https:\\\/\\\/www.esat.es\\\/#website\"},\"primaryImageOfPage\":{\"@id\":\"https:\\\/\\\/www.esat.es\\\/esat-elegida-por-la-fundacion-premios-rei-jaume-i-para-presentar-su-37a-edicion\\\/#primaryimage\"},\"image\":{\"@id\":\"https:\\\/\\\/www.esat.es\\\/esat-elegida-por-la-fundacion-premios-rei-jaume-i-para-presentar-su-37a-edicion\\\/#primaryimage\"},\"thumbnailUrl\":\"https:\\\/\\\/www.esat.es\\\/wp-content\\\/uploads\\\/2025\\\/11\\\/IMG_9594_esat.jpg\",\"datePublished\":\"2025-11-10T17:15:28+00:00\",\"dateModified\":\"2025-11-10T17:27:03+00:00\",\"breadcrumb\":{\"@id\":\"https:\\\/\\\/www.esat.es\\\/esat-elegida-por-la-fundacion-premios-rei-jaume-i-para-presentar-su-37a-edicion\\\/#breadcrumb\"},\"inLanguage\":\"en-US\",\"potentialAction\":[{\"@type\":\"ReadAction\",\"target\":[\"https:\\\/\\\/www.esat.es\\\/esat-elegida-por-la-fundacion-premios-rei-jaume-i-para-presentar-su-37a-edicion\\\/\"]}]},{\"@type\":\"ImageObject\",\"inLanguage\":\"en-US\",\"@id\":\"https:\\\/\\\/www.esat.es\\\/esat-elegida-por-la-fundacion-premios-rei-jaume-i-para-presentar-su-37a-edicion\\\/#primaryimage\",\"url\":\"https:\\\/\\\/www.esat.es\\\/wp-content\\\/uploads\\\/2025\\\/11\\\/IMG_9594_esat.jpg\",\"contentUrl\":\"https:\\\/\\\/www.esat.es\\\/wp-content\\\/uploads\\\/2025\\\/11\\\/IMG_9594_esat.jpg\",\"width\":900,\"height\":433},{\"@type\":\"BreadcrumbList\",\"@id\":\"https:\\\/\\\/www.esat.es\\\/esat-elegida-por-la-fundacion-premios-rei-jaume-i-para-presentar-su-37a-edicion\\\/#breadcrumb\",\"itemListElement\":[{\"@type\":\"ListItem\",\"position\":1,\"name\":\"Portada\",\"item\":\"https:\\\/\\\/www.esat.es\\\/en\\\/home\\\/\"},{\"@type\":\"ListItem\",\"position\":2,\"name\":\"ESAT ELEGIDA POR LA FUNDACI\u00d3N PREMIOS REI JAUME I PARA PRESENTAR SU 37\u00aa EDICI\u00d3N\"}]},{\"@type\":\"WebSite\",\"@id\":\"https:\\\/\\\/www.esat.es\\\/#website\",\"url\":\"https:\\\/\\\/www.esat.es\\\/\",\"name\":\"ESAT Valencia\",\"description\":\"Escuela Superior de Arte y Tecnolog\u00eda\",\"publisher\":{\"@id\":\"https:\\\/\\\/www.esat.es\\\/#organization\"},\"potentialAction\":[{\"@type\":\"SearchAction\",\"target\":{\"@type\":\"EntryPoint\",\"urlTemplate\":\"https:\\\/\\\/www.esat.es\\\/?s={search_term_string}\"},\"query-input\":{\"@type\":\"PropertyValueSpecification\",\"valueRequired\":true,\"valueName\":\"search_term_string\"}}],\"inLanguage\":\"en-US\"},{\"@type\":\"Organization\",\"@id\":\"https:\\\/\\\/www.esat.es\\\/#organization\",\"name\":\"ESAT - Escuela Superior de Arte y Tecnolog\u00eda\",\"url\":\"https:\\\/\\\/www.esat.es\\\/\",\"logo\":{\"@type\":\"ImageObject\",\"inLanguage\":\"en-US\",\"@id\":\"https:\\\/\\\/www.esat.es\\\/#\\\/schema\\\/logo\\\/image\\\/\",\"url\":\"https:\\\/\\\/www.esat.es\\\/wp-content\\\/uploads\\\/screenshot-esat-escuela-superior-arte-tecnologia-valencia.png\",\"contentUrl\":\"https:\\\/\\\/www.esat.es\\\/wp-content\\\/uploads\\\/screenshot-esat-escuela-superior-arte-tecnologia-valencia.png\",\"width\":880,\"height\":660,\"caption\":\"ESAT - Escuela Superior de Arte y Tecnolog\u00eda\"},\"image\":{\"@id\":\"https:\\\/\\\/www.esat.es\\\/#\\\/schema\\\/logo\\\/image\\\/\"},\"sameAs\":[\"https:\\\/\\\/www.facebook.com\\\/esat.es\",\"https:\\\/\\\/x.com\\\/ESAT_Valencia\",\"https:\\\/\\\/instagram.com\\\/ESAT_Valencia\",\"http:\\\/\\\/www.linkedin.com\\\/company\\\/esat\",\"https:\\\/\\\/www.youtube.com\\\/user\\\/EsatValencia\"]},{\"@type\":\"Person\",\"@id\":\"https:\\\/\\\/www.esat.es\\\/#\\\/schema\\\/person\\\/972395b9b6dfb1c1e9a4f7bb8f7fed38\",\"name\":\"Alicia Ansurias Mar\u00edn\",\"image\":{\"@type\":\"ImageObject\",\"inLanguage\":\"en-US\",\"@id\":\"https:\\\/\\\/secure.gravatar.com\\\/avatar\\\/5307cefa77a8835bacc9a5aced01b677d70687b39c06519df2b3de21a734a921?s=96&d=mm&r=g\",\"url\":\"https:\\\/\\\/secure.gravatar.com\\\/avatar\\\/5307cefa77a8835bacc9a5aced01b677d70687b39c06519df2b3de21a734a921?s=96&d=mm&r=g\",\"contentUrl\":\"https:\\\/\\\/secure.gravatar.com\\\/avatar\\\/5307cefa77a8835bacc9a5aced01b677d70687b39c06519df2b3de21a734a921?s=96&d=mm&r=g\",\"caption\":\"Alicia Ansurias Mar\u00edn\"}}]}<\/script>\n<!-- \/ Yoast SEO plugin. -->","yoast_head_json":{"title":"ESAT ELEGIDA POR LA FUNDACI\u00d3N PREMIOS REI JAUME I PARA PRESENTAR SU 37\u00aa EDICI\u00d3N - ESAT Valencia - Escuela Superior de Arte y Tecnolog\u00eda","robots":{"index":"index","follow":"follow","max-snippet":"max-snippet:-1","max-image-preview":"max-image-preview:large","max-video-preview":"max-video-preview:-1"},"canonical":"https:\/\/www.esat.es\/esat-elegida-por-la-fundacion-premios-rei-jaume-i-para-presentar-su-37a-edicion\/","og_locale":"en_US","og_type":"article","og_title":"ESAT ELEGIDA POR LA FUNDACI\u00d3N PREMIOS REI JAUME I PARA PRESENTAR SU 37\u00aa EDICI\u00d3N - ESAT Valencia - Escuela Superior de Arte y Tecnolog\u00eda","og_description":"La Escuela Superior de Arte y Tecnolog\u00eda de Val\u00e9ncia fue el escenario elegido por la &#8220;Fundaci\u00f3n Premios Rei Jaume I&#8221; para presentar la campa\u00f1a y el programa de actos de su 37\u00aa edici\u00f3n, bajo el lema &#8220;Espa\u00f1a Insert Coin&#8221;. El encuentro sirvi\u00f3 para reivindicar la necesidad de invertir en ciencia y emprendimiento, un mensaje que centr\u00f3 las palabras del presidente &hellip;","og_url":"https:\/\/www.esat.es\/esat-elegida-por-la-fundacion-premios-rei-jaume-i-para-presentar-su-37a-edicion\/","og_site_name":"ESAT Valencia","article_publisher":"https:\/\/www.facebook.com\/esat.es","article_published_time":"2025-11-10T17:15:28+00:00","article_modified_time":"2025-11-10T17:27:03+00:00","og_image":[{"width":900,"height":433,"url":"https:\/\/www.esat.es\/wp-content\/uploads\/2025\/11\/IMG_9594_esat.jpg","type":"image\/jpeg"}],"author":"Alicia Ansurias Mar\u00edn","twitter_card":"summary_large_image","twitter_creator":"@ESAT_Valencia","twitter_site":"@ESAT_Valencia","twitter_misc":{"Written by":"Alicia Ansurias Mar\u00edn","Est. reading time":"3 minutes"},"schema":{"@context":"https:\/\/schema.org","@graph":[{"@type":"Article","@id":"https:\/\/www.esat.es\/esat-elegida-por-la-fundacion-premios-rei-jaume-i-para-presentar-su-37a-edicion\/#article","isPartOf":{"@id":"https:\/\/www.esat.es\/esat-elegida-por-la-fundacion-premios-rei-jaume-i-para-presentar-su-37a-edicion\/"},"author":{"name":"Alicia Ansurias Mar\u00edn","@id":"https:\/\/www.esat.es\/#\/schema\/person\/972395b9b6dfb1c1e9a4f7bb8f7fed38"},"headline":"ESAT ELEGIDA POR LA FUNDACI\u00d3N PREMIOS REI JAUME I PARA PRESENTAR SU 37\u00aa EDICI\u00d3N","datePublished":"2025-11-10T17:15:28+00:00","dateModified":"2025-11-10T17:27:03+00:00","mainEntityOfPage":{"@id":"https:\/\/www.esat.es\/esat-elegida-por-la-fundacion-premios-rei-jaume-i-para-presentar-su-37a-edicion\/"},"wordCount":384,"publisher":{"@id":"https:\/\/www.esat.es\/#organization"},"image":{"@id":"https:\/\/www.esat.es\/esat-elegida-por-la-fundacion-premios-rei-jaume-i-para-presentar-su-37a-edicion\/#primaryimage"},"thumbnailUrl":"https:\/\/www.esat.es\/wp-content\/uploads\/2025\/11\/IMG_9594_esat.jpg","keywords":["FUNDACI\u00d3N PREMIOS REI JAUME I"],"articleSection":["Actualidad","Destacar en Home","Eventos","Noticias"],"inLanguage":"en-US"},{"@type":"WebPage","@id":"https:\/\/www.esat.es\/esat-elegida-por-la-fundacion-premios-rei-jaume-i-para-presentar-su-37a-edicion\/","url":"https:\/\/www.esat.es\/esat-elegida-por-la-fundacion-premios-rei-jaume-i-para-presentar-su-37a-edicion\/","name":"ESAT ELEGIDA POR LA FUNDACI\u00d3N PREMIOS REI JAUME I PARA PRESENTAR SU 37\u00aa EDICI\u00d3N - ESAT Valencia - Escuela Superior de Arte y Tecnolog\u00eda","isPartOf":{"@id":"https:\/\/www.esat.es\/#website"},"primaryImageOfPage":{"@id":"https:\/\/www.esat.es\/esat-elegida-por-la-fundacion-premios-rei-jaume-i-para-presentar-su-37a-edicion\/#primaryimage"},"image":{"@id":"https:\/\/www.esat.es\/esat-elegida-por-la-fundacion-premios-rei-jaume-i-para-presentar-su-37a-edicion\/#primaryimage"},"thumbnailUrl":"https:\/\/www.esat.es\/wp-content\/uploads\/2025\/11\/IMG_9594_esat.jpg","datePublished":"2025-11-10T17:15:28+00:00","dateModified":"2025-11-10T17:27:03+00:00","breadcrumb":{"@id":"https:\/\/www.esat.es\/esat-elegida-por-la-fundacion-premios-rei-jaume-i-para-presentar-su-37a-edicion\/#breadcrumb"},"inLanguage":"en-US","potentialAction":[{"@type":"ReadAction","target":["https:\/\/www.esat.es\/esat-elegida-por-la-fundacion-premios-rei-jaume-i-para-presentar-su-37a-edicion\/"]}]},{"@type":"ImageObject","inLanguage":"en-US","@id":"https:\/\/www.esat.es\/esat-elegida-por-la-fundacion-premios-rei-jaume-i-para-presentar-su-37a-edicion\/#primaryimage","url":"https:\/\/www.esat.es\/wp-content\/uploads\/2025\/11\/IMG_9594_esat.jpg","contentUrl":"https:\/\/www.esat.es\/wp-content\/uploads\/2025\/11\/IMG_9594_esat.jpg","width":900,"height":433},{"@type":"BreadcrumbList","@id":"https:\/\/www.esat.es\/esat-elegida-por-la-fundacion-premios-rei-jaume-i-para-presentar-su-37a-edicion\/#breadcrumb","itemListElement":[{"@type":"ListItem","position":1,"name":"Portada","item":"https:\/\/www.esat.es\/en\/home\/"},{"@type":"ListItem","position":2,"name":"ESAT ELEGIDA POR LA FUNDACI\u00d3N PREMIOS REI JAUME I PARA PRESENTAR SU 37\u00aa EDICI\u00d3N"}]},{"@type":"WebSite","@id":"https:\/\/www.esat.es\/#website","url":"https:\/\/www.esat.es\/","name":"ESAT Valencia","description":"Escuela Superior de Arte y Tecnolog\u00eda","publisher":{"@id":"https:\/\/www.esat.es\/#organization"},"potentialAction":[{"@type":"SearchAction","target":{"@type":"EntryPoint","urlTemplate":"https:\/\/www.esat.es\/?s={search_term_string}"},"query-input":{"@type":"PropertyValueSpecification","valueRequired":true,"valueName":"search_term_string"}}],"inLanguage":"en-US"},{"@type":"Organization","@id":"https:\/\/www.esat.es\/#organization","name":"ESAT - Escuela Superior de Arte y Tecnolog\u00eda","url":"https:\/\/www.esat.es\/","logo":{"@type":"ImageObject","inLanguage":"en-US","@id":"https:\/\/www.esat.es\/#\/schema\/logo\/image\/","url":"https:\/\/www.esat.es\/wp-content\/uploads\/screenshot-esat-escuela-superior-arte-tecnologia-valencia.png","contentUrl":"https:\/\/www.esat.es\/wp-content\/uploads\/screenshot-esat-escuela-superior-arte-tecnologia-valencia.png","width":880,"height":660,"caption":"ESAT - Escuela Superior de Arte y Tecnolog\u00eda"},"image":{"@id":"https:\/\/www.esat.es\/#\/schema\/logo\/image\/"},"sameAs":["https:\/\/www.facebook.com\/esat.es","https:\/\/x.com\/ESAT_Valencia","https:\/\/instagram.com\/ESAT_Valencia","http:\/\/www.linkedin.com\/company\/esat","https:\/\/www.youtube.com\/user\/EsatValencia"]},{"@type":"Person","@id":"https:\/\/www.esat.es\/#\/schema\/person\/972395b9b6dfb1c1e9a4f7bb8f7fed38","name":"Alicia Ansurias Mar\u00edn","image":{"@type":"ImageObject","inLanguage":"en-US","@id":"https:\/\/secure.gravatar.com\/avatar\/5307cefa77a8835bacc9a5aced01b677d70687b39c06519df2b3de21a734a921?s=96&d=mm&r=g","url":"https:\/\/secure.gravatar.com\/avatar\/5307cefa77a8835bacc9a5aced01b677d70687b39c06519df2b3de21a734a921?s=96&d=mm&r=g","contentUrl":"https:\/\/secure.gravatar.com\/avatar\/5307cefa77a8835bacc9a5aced01b677d70687b39c06519df2b3de21a734a921?s=96&d=mm&r=g","caption":"Alicia Ansurias Mar\u00edn"}}]}},"_links":{"self":[{"href":"https:\/\/www.esat.es\/en\/wp-json\/wp\/v2\/posts\/12461","targetHints":{"allow":["GET"]}}],"collection":[{"href":"https:\/\/www.esat.es\/en\/wp-json\/wp\/v2\/posts"}],"about":[{"href":"https:\/\/www.esat.es\/en\/wp-json\/wp\/v2\/types\/post"}],"author":[{"embeddable":true,"href":"https:\/\/www.esat.es\/en\/wp-json\/wp\/v2\/users\/5"}],"replies":[{"embeddable":true,"href":"https:\/\/www.esat.es\/en\/wp-json\/wp\/v2\/comments?post=12461"}],"version-history":[{"count":0,"href":"https:\/\/www.esat.es\/en\/wp-json\/wp\/v2\/posts\/12461\/revisions"}],"wp:featuredmedia":[{"embeddable":true,"href":"https:\/\/www.esat.es\/en\/wp-json\/wp\/v2\/media\/12478"}],"wp:attachment":[{"href":"https:\/\/www.esat.es\/en\/wp-json\/wp\/v2\/media?parent=12461"}],"wp:term":[{"taxonomy":"category","embeddable":true,"href":"https:\/\/www.esat.es\/en\/wp-json\/wp\/v2\/categories?post=12461"},{"taxonomy":"post_tag","embeddable":true,"href":"https:\/\/www.esat.es\/en\/wp-json\/wp\/v2\/tags?post=12461"}],"curies":[{"name":"wp","href":"https:\/\/api.w.org\/{rel}","templated":true}]}}