{"id":4005,"date":"2016-06-16T00:00:00","date_gmt":"2016-06-15T23:00:00","guid":{"rendered":"http:\/\/esatvalencia.wpengine.com\/el-arte-digital-de-mi-amigo-el-gigante\/"},"modified":"2016-06-16T00:00:00","modified_gmt":"2016-06-15T23:00:00","slug":"el-arte-digital-de-mi-amigo-el-gigante","status":"publish","type":"post","link":"https:\/\/www.esat.es\/en\/el-arte-digital-de-mi-amigo-el-gigante\/","title":{"rendered":"El arte digital de Mi Amigo el Gigante"},"content":{"rendered":"<p style=\"text-align: justify;\">Sin duda, una de las pel\u00edculas m\u00e1s esperadas de todo el verano. Un blockbuster que llamar\u00e1 la atenci\u00f3n de peque\u00f1os y mayores, gracias a la direcci\u00f3n de Steven Spielberg. <strong>Mi Amigo el Gigante (The BFG) se estrena el pr\u00f3ximo mes de julio<\/strong> y basa su concepto en la novela del mismo nombre de Roal Dahl. En este caso, Spielberg opta, como tantas veces en la actualidad, por dar un uso CGI a uno de los personajes m\u00e1s importantes, el que m\u00e1s, de la pel\u00edcula. Como ya vi\u00e9ramos en Gollum y tantos otros, el dise\u00f1o y la programaci\u00f3n forman parte importante del filme, aportando verosimilitud a un personaje como el gigante.<\/p>\n<p style=\"text-align: justify;\">El actor Mark Rylance (ganador del \u00faltimo Oscar a mejor actor secundario por El Puente de los Esp\u00edas), ser\u00e1 el rostro y la voz del gigante y los encargados de dotarlo de vida en la pel\u00edcula son algunos de los responsables de los efectos especiales de producciones como Tron: Legacy (2010), Las Cr\u00f3nicas de Riddick (2004) o Noche en el Museo (2006). Por otra parte Weta Digital, presentes en pel\u00edculas como Avatar (2009), El Hobbit (2012) o Prometheus (2012) tambi\u00e9n tiene a muchos de sus artistas trabajando para el proyecto, lo que da una muestra del cuidado de la producci\u00f3n. Mi amigo el gigante se basa en la amistad que nace entre Sophie y el gigante y en c\u00f3mo deben detener a los otros gigantes, que quieren invadir el mundo y comerse a todos los ni\u00f1os del planeta.<\/p>\n<p style=\"text-align: justify;\">[iframe id=&#8221;https:\/\/www.youtube.com\/embed\/y3cszA2z3qA&#8221; align=&#8221;center&#8221;]<\/p>\n<p style=\"text-align: justify;\">Pese a que todav\u00eda no se haya estrenado, la pel\u00edcula del director norteamericano es un producto cargado de escenas donde el arte digital est\u00e1 m\u00e1s que presente. Es una pel\u00edcula que, al margen de la presencia de Ruby Barnhill como Sophie, el peso de la trama recae en el propio gigante y sus enemigos, otros enormes seres creados mediante t\u00e9cnicas por ordenador. Es un mundo colorido y de colores pastel en la mayor\u00eda de escenas del tr\u00e1iler, aunque se va volviendo m\u00e1s oscuro a medida que se avanza en el metraje (no demasiado, pues hay que recordad que se trata de una pel\u00edcula destinada a toda la familia). Estamos expectantes ante el estreno, el pr\u00f3ximo 8 de julio. Seguro que Spielberg nos sorprende con su puesta en escena espectacular, como en tantas pel\u00edculas anteriores.<\/p>\n","protected":false},"excerpt":{"rendered":"<p>Sin duda, una de las pel\u00edculas m\u00e1s esperadas de todo el verano. Un blockbuster que llamar\u00e1 la atenci\u00f3n de peque\u00f1os y mayores, gracias a la direcci\u00f3n de Steven Spielberg. Mi Amigo el Gigante (The BFG) se estrena el pr\u00f3ximo mes de julio y basa su concepto en la novela del mismo nombre de Roal Dahl. En este caso, Spielberg opta, &hellip; <\/p>\n","protected":false},"author":1,"featured_media":4006,"comment_status":"open","ping_status":"open","sticky":false,"template":"","format":"standard","meta":{"footnotes":""},"categories":[1,517],"tags":[607,486,525],"class_list":["post-4005","post","type-post","status-publish","format-standard","has-post-thumbnail","hentry","category-actualidad","category-diseno-grafico","tag-animacion","tag-arte-digital","tag-noticias"],"yoast_head":"<!-- This site is optimized with the Yoast SEO plugin v28.3 - https:\/\/yoast.com\/product\/yoast-seo-wordpress\/ -->\n<title>El arte digital de Mi Amigo el Gigante - ESAT Valencia - Escuela Superior de Arte y Tecnolog\u00eda<\/title>\n<meta name=\"robots\" content=\"index, follow, max-snippet:-1, max-image-preview:large, max-video-preview:-1\" \/>\n<link rel=\"canonical\" href=\"https:\/\/www.esat.es\/el-arte-digital-de-mi-amigo-el-gigante\/\" \/>\n<meta property=\"og:locale\" content=\"en_US\" \/>\n<meta property=\"og:type\" content=\"article\" \/>\n<meta property=\"og:title\" content=\"El arte digital de Mi Amigo el Gigante - ESAT Valencia - Escuela Superior de Arte y Tecnolog\u00eda\" \/>\n<meta property=\"og:description\" content=\"Sin duda, una de las pel\u00edculas m\u00e1s esperadas de todo el verano. Un blockbuster que llamar\u00e1 la atenci\u00f3n de peque\u00f1os y mayores, gracias a la direcci\u00f3n de Steven Spielberg. Mi Amigo el Gigante (The BFG) se estrena el pr\u00f3ximo mes de julio y basa su concepto en la novela del mismo nombre de Roal Dahl. En este caso, Spielberg opta, &hellip;\" \/>\n<meta property=\"og:url\" content=\"https:\/\/www.esat.es\/el-arte-digital-de-mi-amigo-el-gigante\/\" \/>\n<meta property=\"og:site_name\" content=\"ESAT Valencia\" \/>\n<meta property=\"article:publisher\" content=\"https:\/\/www.facebook.com\/esat.es\" \/>\n<meta property=\"article:published_time\" content=\"2016-06-15T23:00:00+00:00\" \/>\n<meta property=\"og:image\" content=\"https:\/\/www.esat.es\/wp-content\/uploads\/the_bfg_2016_movie-wide.jpg\" \/>\n\t<meta property=\"og:image:width\" content=\"1440\" \/>\n\t<meta property=\"og:image:height\" content=\"900\" \/>\n\t<meta property=\"og:image:type\" content=\"image\/jpeg\" \/>\n<meta name=\"author\" content=\"ESAT\" \/>\n<meta name=\"twitter:card\" content=\"summary_large_image\" \/>\n<meta name=\"twitter:creator\" content=\"@ESAT_Valencia\" \/>\n<meta name=\"twitter:site\" content=\"@ESAT_Valencia\" \/>\n<meta name=\"twitter:label1\" content=\"Written by\" \/>\n\t<meta name=\"twitter:data1\" content=\"ESAT\" \/>\n\t<meta name=\"twitter:label2\" content=\"Est. reading time\" \/>\n\t<meta name=\"twitter:data2\" content=\"2 minutes\" \/>\n<script type=\"application\/ld+json\" class=\"yoast-schema-graph\">{\"@context\":\"https:\\\/\\\/schema.org\",\"@graph\":[{\"@type\":\"Article\",\"@id\":\"https:\\\/\\\/www.esat.es\\\/el-arte-digital-de-mi-amigo-el-gigante\\\/#article\",\"isPartOf\":{\"@id\":\"https:\\\/\\\/www.esat.es\\\/el-arte-digital-de-mi-amigo-el-gigante\\\/\"},\"author\":{\"name\":\"ESAT\",\"@id\":\"https:\\\/\\\/www.esat.es\\\/#\\\/schema\\\/person\\\/652aff2e9851d987db7dc3832073f1a3\"},\"headline\":\"El arte digital de Mi Amigo el Gigante\",\"datePublished\":\"2016-06-15T23:00:00+00:00\",\"mainEntityOfPage\":{\"@id\":\"https:\\\/\\\/www.esat.es\\\/el-arte-digital-de-mi-amigo-el-gigante\\\/\"},\"wordCount\":427,\"commentCount\":0,\"publisher\":{\"@id\":\"https:\\\/\\\/www.esat.es\\\/#organization\"},\"image\":{\"@id\":\"https:\\\/\\\/www.esat.es\\\/el-arte-digital-de-mi-amigo-el-gigante\\\/#primaryimage\"},\"thumbnailUrl\":\"https:\\\/\\\/www.esat.es\\\/wp-content\\\/uploads\\\/the_bfg_2016_movie-wide.jpg\",\"keywords\":[\"Animaci\u00f3n\",\"Arte Digital\",\"Noticias\"],\"articleSection\":[\"Actualidad\",\"Dise\u00f1o gr\u00e1fico\"],\"inLanguage\":\"en-US\",\"potentialAction\":[{\"@type\":\"CommentAction\",\"name\":\"Comment\",\"target\":[\"https:\\\/\\\/www.esat.es\\\/el-arte-digital-de-mi-amigo-el-gigante\\\/#respond\"]}]},{\"@type\":\"WebPage\",\"@id\":\"https:\\\/\\\/www.esat.es\\\/el-arte-digital-de-mi-amigo-el-gigante\\\/\",\"url\":\"https:\\\/\\\/www.esat.es\\\/el-arte-digital-de-mi-amigo-el-gigante\\\/\",\"name\":\"El arte digital de Mi Amigo el Gigante - ESAT Valencia - Escuela Superior de Arte y Tecnolog\u00eda\",\"isPartOf\":{\"@id\":\"https:\\\/\\\/www.esat.es\\\/#website\"},\"primaryImageOfPage\":{\"@id\":\"https:\\\/\\\/www.esat.es\\\/el-arte-digital-de-mi-amigo-el-gigante\\\/#primaryimage\"},\"image\":{\"@id\":\"https:\\\/\\\/www.esat.es\\\/el-arte-digital-de-mi-amigo-el-gigante\\\/#primaryimage\"},\"thumbnailUrl\":\"https:\\\/\\\/www.esat.es\\\/wp-content\\\/uploads\\\/the_bfg_2016_movie-wide.jpg\",\"datePublished\":\"2016-06-15T23:00:00+00:00\",\"breadcrumb\":{\"@id\":\"https:\\\/\\\/www.esat.es\\\/el-arte-digital-de-mi-amigo-el-gigante\\\/#breadcrumb\"},\"inLanguage\":\"en-US\",\"potentialAction\":[{\"@type\":\"ReadAction\",\"target\":[\"https:\\\/\\\/www.esat.es\\\/el-arte-digital-de-mi-amigo-el-gigante\\\/\"]}]},{\"@type\":\"ImageObject\",\"inLanguage\":\"en-US\",\"@id\":\"https:\\\/\\\/www.esat.es\\\/el-arte-digital-de-mi-amigo-el-gigante\\\/#primaryimage\",\"url\":\"https:\\\/\\\/www.esat.es\\\/wp-content\\\/uploads\\\/the_bfg_2016_movie-wide.jpg\",\"contentUrl\":\"https:\\\/\\\/www.esat.es\\\/wp-content\\\/uploads\\\/the_bfg_2016_movie-wide.jpg\",\"width\":1440,\"height\":900},{\"@type\":\"BreadcrumbList\",\"@id\":\"https:\\\/\\\/www.esat.es\\\/el-arte-digital-de-mi-amigo-el-gigante\\\/#breadcrumb\",\"itemListElement\":[{\"@type\":\"ListItem\",\"position\":1,\"name\":\"Portada\",\"item\":\"https:\\\/\\\/www.esat.es\\\/en\\\/home\\\/\"},{\"@type\":\"ListItem\",\"position\":2,\"name\":\"El arte digital de Mi Amigo el Gigante\"}]},{\"@type\":\"WebSite\",\"@id\":\"https:\\\/\\\/www.esat.es\\\/#website\",\"url\":\"https:\\\/\\\/www.esat.es\\\/\",\"name\":\"ESAT Valencia\",\"description\":\"Escuela Superior de Arte y Tecnolog\u00eda\",\"publisher\":{\"@id\":\"https:\\\/\\\/www.esat.es\\\/#organization\"},\"potentialAction\":[{\"@type\":\"SearchAction\",\"target\":{\"@type\":\"EntryPoint\",\"urlTemplate\":\"https:\\\/\\\/www.esat.es\\\/?s={search_term_string}\"},\"query-input\":{\"@type\":\"PropertyValueSpecification\",\"valueRequired\":true,\"valueName\":\"search_term_string\"}}],\"inLanguage\":\"en-US\"},{\"@type\":\"Organization\",\"@id\":\"https:\\\/\\\/www.esat.es\\\/#organization\",\"name\":\"ESAT - Escuela Superior de Arte y Tecnolog\u00eda\",\"url\":\"https:\\\/\\\/www.esat.es\\\/\",\"logo\":{\"@type\":\"ImageObject\",\"inLanguage\":\"en-US\",\"@id\":\"https:\\\/\\\/www.esat.es\\\/#\\\/schema\\\/logo\\\/image\\\/\",\"url\":\"https:\\\/\\\/www.esat.es\\\/wp-content\\\/uploads\\\/screenshot-esat-escuela-superior-arte-tecnologia-valencia.png\",\"contentUrl\":\"https:\\\/\\\/www.esat.es\\\/wp-content\\\/uploads\\\/screenshot-esat-escuela-superior-arte-tecnologia-valencia.png\",\"width\":880,\"height\":660,\"caption\":\"ESAT - Escuela Superior de Arte y Tecnolog\u00eda\"},\"image\":{\"@id\":\"https:\\\/\\\/www.esat.es\\\/#\\\/schema\\\/logo\\\/image\\\/\"},\"sameAs\":[\"https:\\\/\\\/www.facebook.com\\\/esat.es\",\"https:\\\/\\\/x.com\\\/ESAT_Valencia\",\"https:\\\/\\\/instagram.com\\\/ESAT_Valencia\",\"http:\\\/\\\/www.linkedin.com\\\/company\\\/esat\",\"https:\\\/\\\/www.youtube.com\\\/user\\\/EsatValencia\"]},{\"@type\":\"Person\",\"@id\":\"https:\\\/\\\/www.esat.es\\\/#\\\/schema\\\/person\\\/652aff2e9851d987db7dc3832073f1a3\",\"name\":\"ESAT\",\"image\":{\"@type\":\"ImageObject\",\"inLanguage\":\"en-US\",\"@id\":\"https:\\\/\\\/secure.gravatar.com\\\/avatar\\\/c34c29fc562274f3ba0a549764e0d4fa27b0f47aded3860da0b2f5749d38d87a?s=96&d=mm&r=g\",\"url\":\"https:\\\/\\\/secure.gravatar.com\\\/avatar\\\/c34c29fc562274f3ba0a549764e0d4fa27b0f47aded3860da0b2f5749d38d87a?s=96&d=mm&r=g\",\"contentUrl\":\"https:\\\/\\\/secure.gravatar.com\\\/avatar\\\/c34c29fc562274f3ba0a549764e0d4fa27b0f47aded3860da0b2f5749d38d87a?s=96&d=mm&r=g\",\"caption\":\"ESAT\"}}]}<\/script>\n<!-- \/ Yoast SEO plugin. -->","yoast_head_json":{"title":"El arte digital de Mi Amigo el Gigante - ESAT Valencia - Escuela Superior de Arte y Tecnolog\u00eda","robots":{"index":"index","follow":"follow","max-snippet":"max-snippet:-1","max-image-preview":"max-image-preview:large","max-video-preview":"max-video-preview:-1"},"canonical":"https:\/\/www.esat.es\/el-arte-digital-de-mi-amigo-el-gigante\/","og_locale":"en_US","og_type":"article","og_title":"El arte digital de Mi Amigo el Gigante - ESAT Valencia - Escuela Superior de Arte y Tecnolog\u00eda","og_description":"Sin duda, una de las pel\u00edculas m\u00e1s esperadas de todo el verano. Un blockbuster que llamar\u00e1 la atenci\u00f3n de peque\u00f1os y mayores, gracias a la direcci\u00f3n de Steven Spielberg. Mi Amigo el Gigante (The BFG) se estrena el pr\u00f3ximo mes de julio y basa su concepto en la novela del mismo nombre de Roal Dahl. En este caso, Spielberg opta, &hellip;","og_url":"https:\/\/www.esat.es\/el-arte-digital-de-mi-amigo-el-gigante\/","og_site_name":"ESAT Valencia","article_publisher":"https:\/\/www.facebook.com\/esat.es","article_published_time":"2016-06-15T23:00:00+00:00","og_image":[{"width":1440,"height":900,"url":"https:\/\/www.esat.es\/wp-content\/uploads\/the_bfg_2016_movie-wide.jpg","type":"image\/jpeg"}],"author":"ESAT","twitter_card":"summary_large_image","twitter_creator":"@ESAT_Valencia","twitter_site":"@ESAT_Valencia","twitter_misc":{"Written by":"ESAT","Est. reading time":"2 minutes"},"schema":{"@context":"https:\/\/schema.org","@graph":[{"@type":"Article","@id":"https:\/\/www.esat.es\/el-arte-digital-de-mi-amigo-el-gigante\/#article","isPartOf":{"@id":"https:\/\/www.esat.es\/el-arte-digital-de-mi-amigo-el-gigante\/"},"author":{"name":"ESAT","@id":"https:\/\/www.esat.es\/#\/schema\/person\/652aff2e9851d987db7dc3832073f1a3"},"headline":"El arte digital de Mi Amigo el Gigante","datePublished":"2016-06-15T23:00:00+00:00","mainEntityOfPage":{"@id":"https:\/\/www.esat.es\/el-arte-digital-de-mi-amigo-el-gigante\/"},"wordCount":427,"commentCount":0,"publisher":{"@id":"https:\/\/www.esat.es\/#organization"},"image":{"@id":"https:\/\/www.esat.es\/el-arte-digital-de-mi-amigo-el-gigante\/#primaryimage"},"thumbnailUrl":"https:\/\/www.esat.es\/wp-content\/uploads\/the_bfg_2016_movie-wide.jpg","keywords":["Animaci\u00f3n","Arte Digital","Noticias"],"articleSection":["Actualidad","Dise\u00f1o gr\u00e1fico"],"inLanguage":"en-US","potentialAction":[{"@type":"CommentAction","name":"Comment","target":["https:\/\/www.esat.es\/el-arte-digital-de-mi-amigo-el-gigante\/#respond"]}]},{"@type":"WebPage","@id":"https:\/\/www.esat.es\/el-arte-digital-de-mi-amigo-el-gigante\/","url":"https:\/\/www.esat.es\/el-arte-digital-de-mi-amigo-el-gigante\/","name":"El arte digital de Mi Amigo el Gigante - ESAT Valencia - Escuela Superior de Arte y Tecnolog\u00eda","isPartOf":{"@id":"https:\/\/www.esat.es\/#website"},"primaryImageOfPage":{"@id":"https:\/\/www.esat.es\/el-arte-digital-de-mi-amigo-el-gigante\/#primaryimage"},"image":{"@id":"https:\/\/www.esat.es\/el-arte-digital-de-mi-amigo-el-gigante\/#primaryimage"},"thumbnailUrl":"https:\/\/www.esat.es\/wp-content\/uploads\/the_bfg_2016_movie-wide.jpg","datePublished":"2016-06-15T23:00:00+00:00","breadcrumb":{"@id":"https:\/\/www.esat.es\/el-arte-digital-de-mi-amigo-el-gigante\/#breadcrumb"},"inLanguage":"en-US","potentialAction":[{"@type":"ReadAction","target":["https:\/\/www.esat.es\/el-arte-digital-de-mi-amigo-el-gigante\/"]}]},{"@type":"ImageObject","inLanguage":"en-US","@id":"https:\/\/www.esat.es\/el-arte-digital-de-mi-amigo-el-gigante\/#primaryimage","url":"https:\/\/www.esat.es\/wp-content\/uploads\/the_bfg_2016_movie-wide.jpg","contentUrl":"https:\/\/www.esat.es\/wp-content\/uploads\/the_bfg_2016_movie-wide.jpg","width":1440,"height":900},{"@type":"BreadcrumbList","@id":"https:\/\/www.esat.es\/el-arte-digital-de-mi-amigo-el-gigante\/#breadcrumb","itemListElement":[{"@type":"ListItem","position":1,"name":"Portada","item":"https:\/\/www.esat.es\/en\/home\/"},{"@type":"ListItem","position":2,"name":"El arte digital de Mi Amigo el Gigante"}]},{"@type":"WebSite","@id":"https:\/\/www.esat.es\/#website","url":"https:\/\/www.esat.es\/","name":"ESAT Valencia","description":"Escuela Superior de Arte y Tecnolog\u00eda","publisher":{"@id":"https:\/\/www.esat.es\/#organization"},"potentialAction":[{"@type":"SearchAction","target":{"@type":"EntryPoint","urlTemplate":"https:\/\/www.esat.es\/?s={search_term_string}"},"query-input":{"@type":"PropertyValueSpecification","valueRequired":true,"valueName":"search_term_string"}}],"inLanguage":"en-US"},{"@type":"Organization","@id":"https:\/\/www.esat.es\/#organization","name":"ESAT - Escuela Superior de Arte y Tecnolog\u00eda","url":"https:\/\/www.esat.es\/","logo":{"@type":"ImageObject","inLanguage":"en-US","@id":"https:\/\/www.esat.es\/#\/schema\/logo\/image\/","url":"https:\/\/www.esat.es\/wp-content\/uploads\/screenshot-esat-escuela-superior-arte-tecnologia-valencia.png","contentUrl":"https:\/\/www.esat.es\/wp-content\/uploads\/screenshot-esat-escuela-superior-arte-tecnologia-valencia.png","width":880,"height":660,"caption":"ESAT - Escuela Superior de Arte y Tecnolog\u00eda"},"image":{"@id":"https:\/\/www.esat.es\/#\/schema\/logo\/image\/"},"sameAs":["https:\/\/www.facebook.com\/esat.es","https:\/\/x.com\/ESAT_Valencia","https:\/\/instagram.com\/ESAT_Valencia","http:\/\/www.linkedin.com\/company\/esat","https:\/\/www.youtube.com\/user\/EsatValencia"]},{"@type":"Person","@id":"https:\/\/www.esat.es\/#\/schema\/person\/652aff2e9851d987db7dc3832073f1a3","name":"ESAT","image":{"@type":"ImageObject","inLanguage":"en-US","@id":"https:\/\/secure.gravatar.com\/avatar\/c34c29fc562274f3ba0a549764e0d4fa27b0f47aded3860da0b2f5749d38d87a?s=96&d=mm&r=g","url":"https:\/\/secure.gravatar.com\/avatar\/c34c29fc562274f3ba0a549764e0d4fa27b0f47aded3860da0b2f5749d38d87a?s=96&d=mm&r=g","contentUrl":"https:\/\/secure.gravatar.com\/avatar\/c34c29fc562274f3ba0a549764e0d4fa27b0f47aded3860da0b2f5749d38d87a?s=96&d=mm&r=g","caption":"ESAT"}}]}},"_links":{"self":[{"href":"https:\/\/www.esat.es\/en\/wp-json\/wp\/v2\/posts\/4005","targetHints":{"allow":["GET"]}}],"collection":[{"href":"https:\/\/www.esat.es\/en\/wp-json\/wp\/v2\/posts"}],"about":[{"href":"https:\/\/www.esat.es\/en\/wp-json\/wp\/v2\/types\/post"}],"author":[{"embeddable":true,"href":"https:\/\/www.esat.es\/en\/wp-json\/wp\/v2\/users\/1"}],"replies":[{"embeddable":true,"href":"https:\/\/www.esat.es\/en\/wp-json\/wp\/v2\/comments?post=4005"}],"version-history":[{"count":0,"href":"https:\/\/www.esat.es\/en\/wp-json\/wp\/v2\/posts\/4005\/revisions"}],"wp:featuredmedia":[{"embeddable":true,"href":"https:\/\/www.esat.es\/en\/wp-json\/wp\/v2\/media\/4006"}],"wp:attachment":[{"href":"https:\/\/www.esat.es\/en\/wp-json\/wp\/v2\/media?parent=4005"}],"wp:term":[{"taxonomy":"category","embeddable":true,"href":"https:\/\/www.esat.es\/en\/wp-json\/wp\/v2\/categories?post=4005"},{"taxonomy":"post_tag","embeddable":true,"href":"https:\/\/www.esat.es\/en\/wp-json\/wp\/v2\/tags?post=4005"}],"curies":[{"name":"wp","href":"https:\/\/api.w.org\/{rel}","templated":true}]}}