{"id":4057,"date":"2016-05-12T00:00:00","date_gmt":"2016-05-11T23:00:00","guid":{"rendered":"http:\/\/esatvalencia.wpengine.com\/soliman-lopez-en-upho-festival\/"},"modified":"2016-05-12T00:00:00","modified_gmt":"2016-05-11T23:00:00","slug":"soliman-lopez-en-upho-festival","status":"publish","type":"post","link":"https:\/\/www.esat.es\/en\/soliman-lopez-en-upho-festival\/","title":{"rendered":"Solim\u00e1n L\u00f3pez en UPHO Festival"},"content":{"rendered":"<p>UPHO FESTIVAL es uno de los tres festivales urbanos de fotograf\u00eda del proyecto Urban Layers y es una actividad cultural p\u00fablica que da la bienvenida a la disciplina fotogr\u00e1fica contempor\u00e1nea y tiene entre sus objetivos lograr exhibir la fotograf\u00eda en un formato comparable a la obra de arte p\u00fablica y adaptada al contexto urbano que realizar\u00e1 en M\u00e1laga en el distrito centro, principalmente en los barrios de La Merced, Lagunillas y Ejido, del 14 al 29 de mayo.<\/p>\n<p>El director del ESAT LAB y docente en ESAT participa en el Festival Internacional de Fotograf\u00eda urbana UPHO que se desarrolla en M\u00e1laga durante estos d\u00edas. El artista fue seleccionado por su obra Antivirus, una obra en la que desarrolla una acci\u00f3n simulando una fumigaci\u00f3n de internet en una clara referencia y cr\u00edtica al uso negligente que se hace de esta herramienta, la cual se utiliza en un 70% con fines ilegales y \u00e9ticamente discutibles.<\/p>\n<p>Urban Layers-New Paths in Photography es un proyecto financiado por el programa europeo Creative Europe incluido en el subprograma Cultura &#8211; Proyectos de Cooperaci\u00f3n y que contribuir\u00e1 a la consecuci\u00f3n de los siguientes objetivos del<br \/>\nprograma:<\/p>\n<ul>\n<li>Apoyar la capacidad de los sectores cultural y creativo europeos para operar internacionalmente, promover la<br \/>\ncirculaci\u00f3n entre pa\u00edses de las obras culturales y art\u00edsticas, as\u00ed como la movilidad transnacional de agentes culturales,<br \/>\ncreativos, y de artistas en particular.<\/li>\n<li>Ayudar a los artistas europeos a que sus obras alcancen nuevas audiencias, ampliando y mejorando el acceso a las obras culturales y art\u00edsticas en la Uni\u00f3n Europea. Se tendr\u00e1 especial atenci\u00f3n a los ni\u00f1os, j\u00f3venes, personas con discapacidad y los grupos menos representados, mediante la participaci\u00f3n en formas nuevas e innovadoras.<\/li>\n<\/ul>\n<p>El objetivo principal de este proyecto es analizar y estimular una amplia audiencia de p\u00fablico mediante la exposici\u00f3n<br \/>\nde fotograf\u00eda art\u00edstica en el \u00e1mbito urbano consiguiendo as\u00ed la participaci\u00f3n del territorio que interviene.<\/p>\n<p><img loading=\"lazy\" decoding=\"async\" class=\"alignnone size-medium wp-image-8682\" src=\"https:\/\/www.esat.es\/wp-content\/uploads\/ANTIVIRUS_1-1-600x900-200x300.jpg\" alt=\"ANTIVIRUS_1-1-600x900\" width=\"200\" height=\"300\" \/><\/p>\n","protected":false},"excerpt":{"rendered":"<p>UPHO FESTIVAL es uno de los tres festivales urbanos de fotograf\u00eda del proyecto Urban Layers y es una actividad cultural p\u00fablica que da la bienvenida a la disciplina fotogr\u00e1fica contempor\u00e1nea y tiene entre sus objetivos lograr exhibir la fotograf\u00eda en un formato comparable a la obra de arte p\u00fablica y adaptada al contexto urbano que realizar\u00e1 en M\u00e1laga en el &hellip; <\/p>\n","protected":false},"author":1,"featured_media":4058,"comment_status":"open","ping_status":"open","sticky":false,"template":"","format":"standard","meta":{"footnotes":""},"categories":[1],"tags":[524,525],"class_list":["post-4057","post","type-post","status-publish","format-standard","has-post-thumbnail","hentry","category-actualidad","tag-eventos","tag-noticias"],"yoast_head":"<!-- This site is optimized with the Yoast SEO plugin v28.3 - https:\/\/yoast.com\/product\/yoast-seo-wordpress\/ -->\n<title>Solim\u00e1n L\u00f3pez en UPHO Festival - ESAT Valencia - Escuela Superior de Arte y Tecnolog\u00eda<\/title>\n<meta name=\"robots\" content=\"index, follow, max-snippet:-1, max-image-preview:large, max-video-preview:-1\" \/>\n<link rel=\"canonical\" href=\"https:\/\/www.esat.es\/soliman-lopez-en-upho-festival\/\" \/>\n<meta property=\"og:locale\" content=\"en_US\" \/>\n<meta property=\"og:type\" content=\"article\" \/>\n<meta property=\"og:title\" content=\"Solim\u00e1n L\u00f3pez en UPHO Festival - ESAT Valencia - Escuela Superior de Arte y Tecnolog\u00eda\" \/>\n<meta property=\"og:description\" content=\"UPHO FESTIVAL es uno de los tres festivales urbanos de fotograf\u00eda del proyecto Urban Layers y es una actividad cultural p\u00fablica que da la bienvenida a la disciplina fotogr\u00e1fica contempor\u00e1nea y tiene entre sus objetivos lograr exhibir la fotograf\u00eda en un formato comparable a la obra de arte p\u00fablica y adaptada al contexto urbano que realizar\u00e1 en M\u00e1laga en el &hellip;\" \/>\n<meta property=\"og:url\" content=\"https:\/\/www.esat.es\/soliman-lopez-en-upho-festival\/\" \/>\n<meta property=\"og:site_name\" content=\"ESAT Valencia\" \/>\n<meta property=\"article:publisher\" content=\"https:\/\/www.facebook.com\/esat.es\" \/>\n<meta property=\"article:published_time\" content=\"2016-05-11T23:00:00+00:00\" \/>\n<meta property=\"og:image\" content=\"https:\/\/www.esat.es\/wp-content\/uploads\/upho-urban-photo-festival.jpg\" \/>\n\t<meta property=\"og:image:width\" content=\"720\" \/>\n\t<meta property=\"og:image:height\" content=\"266\" \/>\n\t<meta property=\"og:image:type\" content=\"image\/jpeg\" \/>\n<meta name=\"author\" content=\"ESAT\" \/>\n<meta name=\"twitter:card\" content=\"summary_large_image\" \/>\n<meta name=\"twitter:creator\" content=\"@ESAT_Valencia\" \/>\n<meta name=\"twitter:site\" content=\"@ESAT_Valencia\" \/>\n<meta name=\"twitter:label1\" content=\"Written by\" \/>\n\t<meta name=\"twitter:data1\" content=\"ESAT\" \/>\n\t<meta name=\"twitter:label2\" content=\"Est. reading time\" \/>\n\t<meta name=\"twitter:data2\" content=\"2 minutes\" \/>\n<script type=\"application\/ld+json\" class=\"yoast-schema-graph\">{\"@context\":\"https:\\\/\\\/schema.org\",\"@graph\":[{\"@type\":\"Article\",\"@id\":\"https:\\\/\\\/www.esat.es\\\/soliman-lopez-en-upho-festival\\\/#article\",\"isPartOf\":{\"@id\":\"https:\\\/\\\/www.esat.es\\\/soliman-lopez-en-upho-festival\\\/\"},\"author\":{\"name\":\"ESAT\",\"@id\":\"https:\\\/\\\/www.esat.es\\\/#\\\/schema\\\/person\\\/652aff2e9851d987db7dc3832073f1a3\"},\"headline\":\"Solim\u00e1n L\u00f3pez en UPHO Festival\",\"datePublished\":\"2016-05-11T23:00:00+00:00\",\"mainEntityOfPage\":{\"@id\":\"https:\\\/\\\/www.esat.es\\\/soliman-lopez-en-upho-festival\\\/\"},\"wordCount\":344,\"commentCount\":0,\"publisher\":{\"@id\":\"https:\\\/\\\/www.esat.es\\\/#organization\"},\"image\":{\"@id\":\"https:\\\/\\\/www.esat.es\\\/soliman-lopez-en-upho-festival\\\/#primaryimage\"},\"thumbnailUrl\":\"https:\\\/\\\/www.esat.es\\\/wp-content\\\/uploads\\\/upho-urban-photo-festival.jpg\",\"keywords\":[\"Eventos\",\"Noticias\"],\"articleSection\":[\"Actualidad\"],\"inLanguage\":\"en-US\",\"potentialAction\":[{\"@type\":\"CommentAction\",\"name\":\"Comment\",\"target\":[\"https:\\\/\\\/www.esat.es\\\/soliman-lopez-en-upho-festival\\\/#respond\"]}]},{\"@type\":\"WebPage\",\"@id\":\"https:\\\/\\\/www.esat.es\\\/soliman-lopez-en-upho-festival\\\/\",\"url\":\"https:\\\/\\\/www.esat.es\\\/soliman-lopez-en-upho-festival\\\/\",\"name\":\"Solim\u00e1n L\u00f3pez en UPHO Festival - ESAT Valencia - Escuela Superior de Arte y Tecnolog\u00eda\",\"isPartOf\":{\"@id\":\"https:\\\/\\\/www.esat.es\\\/#website\"},\"primaryImageOfPage\":{\"@id\":\"https:\\\/\\\/www.esat.es\\\/soliman-lopez-en-upho-festival\\\/#primaryimage\"},\"image\":{\"@id\":\"https:\\\/\\\/www.esat.es\\\/soliman-lopez-en-upho-festival\\\/#primaryimage\"},\"thumbnailUrl\":\"https:\\\/\\\/www.esat.es\\\/wp-content\\\/uploads\\\/upho-urban-photo-festival.jpg\",\"datePublished\":\"2016-05-11T23:00:00+00:00\",\"breadcrumb\":{\"@id\":\"https:\\\/\\\/www.esat.es\\\/soliman-lopez-en-upho-festival\\\/#breadcrumb\"},\"inLanguage\":\"en-US\",\"potentialAction\":[{\"@type\":\"ReadAction\",\"target\":[\"https:\\\/\\\/www.esat.es\\\/soliman-lopez-en-upho-festival\\\/\"]}]},{\"@type\":\"ImageObject\",\"inLanguage\":\"en-US\",\"@id\":\"https:\\\/\\\/www.esat.es\\\/soliman-lopez-en-upho-festival\\\/#primaryimage\",\"url\":\"https:\\\/\\\/www.esat.es\\\/wp-content\\\/uploads\\\/upho-urban-photo-festival.jpg\",\"contentUrl\":\"https:\\\/\\\/www.esat.es\\\/wp-content\\\/uploads\\\/upho-urban-photo-festival.jpg\",\"width\":720,\"height\":266,\"caption\":\"Del 14 al 19 de mayo en M\u00e1laga\"},{\"@type\":\"BreadcrumbList\",\"@id\":\"https:\\\/\\\/www.esat.es\\\/soliman-lopez-en-upho-festival\\\/#breadcrumb\",\"itemListElement\":[{\"@type\":\"ListItem\",\"position\":1,\"name\":\"Portada\",\"item\":\"https:\\\/\\\/www.esat.es\\\/en\\\/home\\\/\"},{\"@type\":\"ListItem\",\"position\":2,\"name\":\"Solim\u00e1n L\u00f3pez en UPHO Festival\"}]},{\"@type\":\"WebSite\",\"@id\":\"https:\\\/\\\/www.esat.es\\\/#website\",\"url\":\"https:\\\/\\\/www.esat.es\\\/\",\"name\":\"ESAT Valencia\",\"description\":\"Escuela Superior de Arte y Tecnolog\u00eda\",\"publisher\":{\"@id\":\"https:\\\/\\\/www.esat.es\\\/#organization\"},\"potentialAction\":[{\"@type\":\"SearchAction\",\"target\":{\"@type\":\"EntryPoint\",\"urlTemplate\":\"https:\\\/\\\/www.esat.es\\\/?s={search_term_string}\"},\"query-input\":{\"@type\":\"PropertyValueSpecification\",\"valueRequired\":true,\"valueName\":\"search_term_string\"}}],\"inLanguage\":\"en-US\"},{\"@type\":\"Organization\",\"@id\":\"https:\\\/\\\/www.esat.es\\\/#organization\",\"name\":\"ESAT - Escuela Superior de Arte y Tecnolog\u00eda\",\"url\":\"https:\\\/\\\/www.esat.es\\\/\",\"logo\":{\"@type\":\"ImageObject\",\"inLanguage\":\"en-US\",\"@id\":\"https:\\\/\\\/www.esat.es\\\/#\\\/schema\\\/logo\\\/image\\\/\",\"url\":\"https:\\\/\\\/www.esat.es\\\/wp-content\\\/uploads\\\/screenshot-esat-escuela-superior-arte-tecnologia-valencia.png\",\"contentUrl\":\"https:\\\/\\\/www.esat.es\\\/wp-content\\\/uploads\\\/screenshot-esat-escuela-superior-arte-tecnologia-valencia.png\",\"width\":880,\"height\":660,\"caption\":\"ESAT - Escuela Superior de Arte y Tecnolog\u00eda\"},\"image\":{\"@id\":\"https:\\\/\\\/www.esat.es\\\/#\\\/schema\\\/logo\\\/image\\\/\"},\"sameAs\":[\"https:\\\/\\\/www.facebook.com\\\/esat.es\",\"https:\\\/\\\/x.com\\\/ESAT_Valencia\",\"https:\\\/\\\/instagram.com\\\/ESAT_Valencia\",\"http:\\\/\\\/www.linkedin.com\\\/company\\\/esat\",\"https:\\\/\\\/www.youtube.com\\\/user\\\/EsatValencia\"]},{\"@type\":\"Person\",\"@id\":\"https:\\\/\\\/www.esat.es\\\/#\\\/schema\\\/person\\\/652aff2e9851d987db7dc3832073f1a3\",\"name\":\"ESAT\",\"image\":{\"@type\":\"ImageObject\",\"inLanguage\":\"en-US\",\"@id\":\"https:\\\/\\\/secure.gravatar.com\\\/avatar\\\/c34c29fc562274f3ba0a549764e0d4fa27b0f47aded3860da0b2f5749d38d87a?s=96&d=mm&r=g\",\"url\":\"https:\\\/\\\/secure.gravatar.com\\\/avatar\\\/c34c29fc562274f3ba0a549764e0d4fa27b0f47aded3860da0b2f5749d38d87a?s=96&d=mm&r=g\",\"contentUrl\":\"https:\\\/\\\/secure.gravatar.com\\\/avatar\\\/c34c29fc562274f3ba0a549764e0d4fa27b0f47aded3860da0b2f5749d38d87a?s=96&d=mm&r=g\",\"caption\":\"ESAT\"}}]}<\/script>\n<!-- \/ Yoast SEO plugin. -->","yoast_head_json":{"title":"Solim\u00e1n L\u00f3pez en UPHO Festival - ESAT Valencia - Escuela Superior de Arte y Tecnolog\u00eda","robots":{"index":"index","follow":"follow","max-snippet":"max-snippet:-1","max-image-preview":"max-image-preview:large","max-video-preview":"max-video-preview:-1"},"canonical":"https:\/\/www.esat.es\/soliman-lopez-en-upho-festival\/","og_locale":"en_US","og_type":"article","og_title":"Solim\u00e1n L\u00f3pez en UPHO Festival - ESAT Valencia - Escuela Superior de Arte y Tecnolog\u00eda","og_description":"UPHO FESTIVAL es uno de los tres festivales urbanos de fotograf\u00eda del proyecto Urban Layers y es una actividad cultural p\u00fablica que da la bienvenida a la disciplina fotogr\u00e1fica contempor\u00e1nea y tiene entre sus objetivos lograr exhibir la fotograf\u00eda en un formato comparable a la obra de arte p\u00fablica y adaptada al contexto urbano que realizar\u00e1 en M\u00e1laga en el &hellip;","og_url":"https:\/\/www.esat.es\/soliman-lopez-en-upho-festival\/","og_site_name":"ESAT Valencia","article_publisher":"https:\/\/www.facebook.com\/esat.es","article_published_time":"2016-05-11T23:00:00+00:00","og_image":[{"width":720,"height":266,"url":"https:\/\/www.esat.es\/wp-content\/uploads\/upho-urban-photo-festival.jpg","type":"image\/jpeg"}],"author":"ESAT","twitter_card":"summary_large_image","twitter_creator":"@ESAT_Valencia","twitter_site":"@ESAT_Valencia","twitter_misc":{"Written by":"ESAT","Est. reading time":"2 minutes"},"schema":{"@context":"https:\/\/schema.org","@graph":[{"@type":"Article","@id":"https:\/\/www.esat.es\/soliman-lopez-en-upho-festival\/#article","isPartOf":{"@id":"https:\/\/www.esat.es\/soliman-lopez-en-upho-festival\/"},"author":{"name":"ESAT","@id":"https:\/\/www.esat.es\/#\/schema\/person\/652aff2e9851d987db7dc3832073f1a3"},"headline":"Solim\u00e1n L\u00f3pez en UPHO Festival","datePublished":"2016-05-11T23:00:00+00:00","mainEntityOfPage":{"@id":"https:\/\/www.esat.es\/soliman-lopez-en-upho-festival\/"},"wordCount":344,"commentCount":0,"publisher":{"@id":"https:\/\/www.esat.es\/#organization"},"image":{"@id":"https:\/\/www.esat.es\/soliman-lopez-en-upho-festival\/#primaryimage"},"thumbnailUrl":"https:\/\/www.esat.es\/wp-content\/uploads\/upho-urban-photo-festival.jpg","keywords":["Eventos","Noticias"],"articleSection":["Actualidad"],"inLanguage":"en-US","potentialAction":[{"@type":"CommentAction","name":"Comment","target":["https:\/\/www.esat.es\/soliman-lopez-en-upho-festival\/#respond"]}]},{"@type":"WebPage","@id":"https:\/\/www.esat.es\/soliman-lopez-en-upho-festival\/","url":"https:\/\/www.esat.es\/soliman-lopez-en-upho-festival\/","name":"Solim\u00e1n L\u00f3pez en UPHO Festival - ESAT Valencia - Escuela Superior de Arte y Tecnolog\u00eda","isPartOf":{"@id":"https:\/\/www.esat.es\/#website"},"primaryImageOfPage":{"@id":"https:\/\/www.esat.es\/soliman-lopez-en-upho-festival\/#primaryimage"},"image":{"@id":"https:\/\/www.esat.es\/soliman-lopez-en-upho-festival\/#primaryimage"},"thumbnailUrl":"https:\/\/www.esat.es\/wp-content\/uploads\/upho-urban-photo-festival.jpg","datePublished":"2016-05-11T23:00:00+00:00","breadcrumb":{"@id":"https:\/\/www.esat.es\/soliman-lopez-en-upho-festival\/#breadcrumb"},"inLanguage":"en-US","potentialAction":[{"@type":"ReadAction","target":["https:\/\/www.esat.es\/soliman-lopez-en-upho-festival\/"]}]},{"@type":"ImageObject","inLanguage":"en-US","@id":"https:\/\/www.esat.es\/soliman-lopez-en-upho-festival\/#primaryimage","url":"https:\/\/www.esat.es\/wp-content\/uploads\/upho-urban-photo-festival.jpg","contentUrl":"https:\/\/www.esat.es\/wp-content\/uploads\/upho-urban-photo-festival.jpg","width":720,"height":266,"caption":"Del 14 al 19 de mayo en M\u00e1laga"},{"@type":"BreadcrumbList","@id":"https:\/\/www.esat.es\/soliman-lopez-en-upho-festival\/#breadcrumb","itemListElement":[{"@type":"ListItem","position":1,"name":"Portada","item":"https:\/\/www.esat.es\/en\/home\/"},{"@type":"ListItem","position":2,"name":"Solim\u00e1n L\u00f3pez en UPHO Festival"}]},{"@type":"WebSite","@id":"https:\/\/www.esat.es\/#website","url":"https:\/\/www.esat.es\/","name":"ESAT Valencia","description":"Escuela Superior de Arte y Tecnolog\u00eda","publisher":{"@id":"https:\/\/www.esat.es\/#organization"},"potentialAction":[{"@type":"SearchAction","target":{"@type":"EntryPoint","urlTemplate":"https:\/\/www.esat.es\/?s={search_term_string}"},"query-input":{"@type":"PropertyValueSpecification","valueRequired":true,"valueName":"search_term_string"}}],"inLanguage":"en-US"},{"@type":"Organization","@id":"https:\/\/www.esat.es\/#organization","name":"ESAT - Escuela Superior de Arte y Tecnolog\u00eda","url":"https:\/\/www.esat.es\/","logo":{"@type":"ImageObject","inLanguage":"en-US","@id":"https:\/\/www.esat.es\/#\/schema\/logo\/image\/","url":"https:\/\/www.esat.es\/wp-content\/uploads\/screenshot-esat-escuela-superior-arte-tecnologia-valencia.png","contentUrl":"https:\/\/www.esat.es\/wp-content\/uploads\/screenshot-esat-escuela-superior-arte-tecnologia-valencia.png","width":880,"height":660,"caption":"ESAT - Escuela Superior de Arte y Tecnolog\u00eda"},"image":{"@id":"https:\/\/www.esat.es\/#\/schema\/logo\/image\/"},"sameAs":["https:\/\/www.facebook.com\/esat.es","https:\/\/x.com\/ESAT_Valencia","https:\/\/instagram.com\/ESAT_Valencia","http:\/\/www.linkedin.com\/company\/esat","https:\/\/www.youtube.com\/user\/EsatValencia"]},{"@type":"Person","@id":"https:\/\/www.esat.es\/#\/schema\/person\/652aff2e9851d987db7dc3832073f1a3","name":"ESAT","image":{"@type":"ImageObject","inLanguage":"en-US","@id":"https:\/\/secure.gravatar.com\/avatar\/c34c29fc562274f3ba0a549764e0d4fa27b0f47aded3860da0b2f5749d38d87a?s=96&d=mm&r=g","url":"https:\/\/secure.gravatar.com\/avatar\/c34c29fc562274f3ba0a549764e0d4fa27b0f47aded3860da0b2f5749d38d87a?s=96&d=mm&r=g","contentUrl":"https:\/\/secure.gravatar.com\/avatar\/c34c29fc562274f3ba0a549764e0d4fa27b0f47aded3860da0b2f5749d38d87a?s=96&d=mm&r=g","caption":"ESAT"}}]}},"_links":{"self":[{"href":"https:\/\/www.esat.es\/en\/wp-json\/wp\/v2\/posts\/4057","targetHints":{"allow":["GET"]}}],"collection":[{"href":"https:\/\/www.esat.es\/en\/wp-json\/wp\/v2\/posts"}],"about":[{"href":"https:\/\/www.esat.es\/en\/wp-json\/wp\/v2\/types\/post"}],"author":[{"embeddable":true,"href":"https:\/\/www.esat.es\/en\/wp-json\/wp\/v2\/users\/1"}],"replies":[{"embeddable":true,"href":"https:\/\/www.esat.es\/en\/wp-json\/wp\/v2\/comments?post=4057"}],"version-history":[{"count":0,"href":"https:\/\/www.esat.es\/en\/wp-json\/wp\/v2\/posts\/4057\/revisions"}],"wp:featuredmedia":[{"embeddable":true,"href":"https:\/\/www.esat.es\/en\/wp-json\/wp\/v2\/media\/4058"}],"wp:attachment":[{"href":"https:\/\/www.esat.es\/en\/wp-json\/wp\/v2\/media?parent=4057"}],"wp:term":[{"taxonomy":"category","embeddable":true,"href":"https:\/\/www.esat.es\/en\/wp-json\/wp\/v2\/categories?post=4057"},{"taxonomy":"post_tag","embeddable":true,"href":"https:\/\/www.esat.es\/en\/wp-json\/wp\/v2\/tags?post=4057"}],"curies":[{"name":"wp","href":"https:\/\/api.w.org\/{rel}","templated":true}]}}